{"id":105159,"date":"2022-10-18T08:44:41","date_gmt":"2022-10-18T08:44:41","guid":{"rendered":"http:\/\/parqueculturalriomartin.com.mialias.net\/?p=105159"},"modified":"2022-10-20T09:29:38","modified_gmt":"2022-10-20T09:29:38","slug":"first-phase-of-excavation-of-the-interior-pit-in-the-iberian-settlement-of-cabezo-de-san-pedro-in-oliete","status":"publish","type":"post","link":"https:\/\/parqueriomartin.com\/en\/first-phase-of-excavation-of-the-interior-pit-in-the-iberian-settlement-of-cabezo-de-san-pedro-in-oliete\/","title":{"rendered":"First phase of excavation of the interior pit in the Iberian settlement of Cabezo de San Pedro in Oliete."},"content":{"rendered":"<p>The Iberian settlement of Cabezo de San Pedro in Oliete. The first phase of excavation of the inner moat shows some spectacular structures.<\/p>\n<p>The archaeological excavation and consolidation of structures at the Iberian site of Cabezo de San Pedro in Oliete during 2022 have yielded splendid results that have allowed us to better understand the scope and importance of the defensive-military structures of this important settlement. The work under the direction of the team of the Museum of Teruel with the collaboration of the Cultural Park of the Mart\u00edn River was carried out by Jaime Vicente, Beatr\u00edz Esquerra and Sara Azuara. The Provincial Council allocated 155,000 euros to the excavation of the inner moat in the first phase.<\/p>\n<p>In the 2022 excavation campaign in the interior structures of the site, different institutions have participated as an example of inter-administrative collaboration: the Museum of Teruel (DPT), the Cultural Park of the Mart\u00edn River (Heritage of the Government of Aragon), the Region of Andorra-Sierra de Arcos and the City Council of Oliete.<\/p>\n<p>The origins of this settlement should be sought in the 5th century B.C. if the remains found in the necropolis associated with the site are anything to go by.<\/p>\n","protected":false},"excerpt":{"rendered":"<p>The Iberian settlement of Cabezo de San Pedro in Oliete. The first phase of excavation of the inner moat shows some spectacular structures. The archaeological excavation and consolidation of structures at the Iberian site of Cabezo de San Pedro in Oliete during 2022 have yielded splendid results that have allowed us to better understand the [&hellip;]<\/p>\n","protected":false},"author":1,"featured_media":105150,"comment_status":"closed","ping_status":"closed","sticky":false,"template":"","format":"standard","meta":{"_acf_changed":false,"_et_pb_use_builder":"","_et_pb_old_content":"","_et_gb_content_width":"","footnotes":""},"categories":[51],"tags":[],"categorias_tipos":[113],"acf":[],"yoast_head":"<!-- This site is optimized with the Yoast SEO plugin v22.5 - https:\/\/yoast.com\/wordpress\/plugins\/seo\/ -->\n<title>First phase of excavation of the interior pit in the Iberian settlement of Cabezo de San Pedro in Oliete. - Parque Cultural del R\u00edo Mart\u00edn<\/title>\n<meta name=\"robots\" content=\"index, follow, max-snippet:-1, max-image-preview:large, max-video-preview:-1\" \/>\n<link rel=\"canonical\" href=\"https:\/\/parqueriomartin.com\/en\/first-phase-of-excavation-of-the-interior-pit-in-the-iberian-settlement-of-cabezo-de-san-pedro-in-oliete\/\" \/>\n<meta property=\"og:locale\" content=\"en_US\" \/>\n<meta property=\"og:type\" content=\"article\" \/>\n<meta property=\"og:title\" content=\"First phase of excavation of the interior pit in the Iberian settlement of Cabezo de San Pedro in Oliete. - Parque Cultural del R\u00edo Mart\u00edn\" \/>\n<meta property=\"og:description\" content=\"The Iberian settlement of Cabezo de San Pedro in Oliete. The first phase of excavation of the inner moat shows some spectacular structures. The archaeological excavation and consolidation of structures at the Iberian site of Cabezo de San Pedro in Oliete during 2022 have yielded splendid results that have allowed us to better understand the [&hellip;]\" \/>\n<meta property=\"og:url\" content=\"https:\/\/parqueriomartin.com\/en\/first-phase-of-excavation-of-the-interior-pit-in-the-iberian-settlement-of-cabezo-de-san-pedro-in-oliete\/\" \/>\n<meta property=\"og:site_name\" content=\"Parque Cultural del R\u00edo Mart\u00edn\" \/>\n<meta property=\"article:published_time\" content=\"2022-10-18T08:44:41+00:00\" \/>\n<meta property=\"article:modified_time\" content=\"2022-10-20T09:29:38+00:00\" \/>\n<meta property=\"og:image\" content=\"https:\/\/parqueriomartin.com\/wp-content\/uploads\/foto-noticia-poblado-cabezo-san-pedro-parque-cultural-rio-martin.webp\" \/>\n\t<meta property=\"og:image:width\" content=\"1299\" \/>\n\t<meta property=\"og:image:height\" content=\"477\" \/>\n\t<meta property=\"og:image:type\" content=\"image\/webp\" \/>\n<meta name=\"author\" content=\"sedinet\" \/>\n<meta name=\"twitter:card\" content=\"summary_large_image\" \/>\n<meta name=\"twitter:label1\" content=\"Written by\" \/>\n\t<meta name=\"twitter:data1\" content=\"sedinet\" \/>\n\t<meta name=\"twitter:label2\" content=\"Est. reading time\" \/>\n\t<meta name=\"twitter:data2\" content=\"1 minute\" \/>\n<script type=\"application\/ld+json\" class=\"yoast-schema-graph\">{\"@context\":\"https:\/\/schema.org\",\"@graph\":[{\"@type\":\"WebPage\",\"@id\":\"https:\/\/parqueriomartin.com\/en\/first-phase-of-excavation-of-the-interior-pit-in-the-iberian-settlement-of-cabezo-de-san-pedro-in-oliete\/\",\"url\":\"https:\/\/parqueriomartin.com\/en\/first-phase-of-excavation-of-the-interior-pit-in-the-iberian-settlement-of-cabezo-de-san-pedro-in-oliete\/\",\"name\":\"First phase of excavation of the interior pit in the Iberian settlement of Cabezo de San Pedro in Oliete. - Parque Cultural del R\u00edo Mart\u00edn\",\"isPartOf\":{\"@id\":\"https:\/\/parqueriomartin.com\/en\/#website\"},\"primaryImageOfPage\":{\"@id\":\"https:\/\/parqueriomartin.com\/en\/first-phase-of-excavation-of-the-interior-pit-in-the-iberian-settlement-of-cabezo-de-san-pedro-in-oliete\/#primaryimage\"},\"image\":{\"@id\":\"https:\/\/parqueriomartin.com\/en\/first-phase-of-excavation-of-the-interior-pit-in-the-iberian-settlement-of-cabezo-de-san-pedro-in-oliete\/#primaryimage\"},\"thumbnailUrl\":\"https:\/\/parqueriomartin.com\/wp-content\/uploads\/foto-noticia-poblado-cabezo-san-pedro-parque-cultural-rio-martin.webp\",\"datePublished\":\"2022-10-18T08:44:41+00:00\",\"dateModified\":\"2022-10-20T09:29:38+00:00\",\"author\":{\"@id\":\"https:\/\/parqueriomartin.com\/en\/#\/schema\/person\/17a5181f0a3b723d86bb41efa9bfc8f2\"},\"breadcrumb\":{\"@id\":\"https:\/\/parqueriomartin.com\/en\/first-phase-of-excavation-of-the-interior-pit-in-the-iberian-settlement-of-cabezo-de-san-pedro-in-oliete\/#breadcrumb\"},\"inLanguage\":\"en-US\",\"potentialAction\":[{\"@type\":\"ReadAction\",\"target\":[\"https:\/\/parqueriomartin.com\/en\/first-phase-of-excavation-of-the-interior-pit-in-the-iberian-settlement-of-cabezo-de-san-pedro-in-oliete\/\"]}]},{\"@type\":\"ImageObject\",\"inLanguage\":\"en-US\",\"@id\":\"https:\/\/parqueriomartin.com\/en\/first-phase-of-excavation-of-the-interior-pit-in-the-iberian-settlement-of-cabezo-de-san-pedro-in-oliete\/#primaryimage\",\"url\":\"https:\/\/parqueriomartin.com\/wp-content\/uploads\/foto-noticia-poblado-cabezo-san-pedro-parque-cultural-rio-martin.webp\",\"contentUrl\":\"https:\/\/parqueriomartin.com\/wp-content\/uploads\/foto-noticia-poblado-cabezo-san-pedro-parque-cultural-rio-martin.webp\",\"width\":1299,\"height\":477},{\"@type\":\"BreadcrumbList\",\"@id\":\"https:\/\/parqueriomartin.com\/en\/first-phase-of-excavation-of-the-interior-pit-in-the-iberian-settlement-of-cabezo-de-san-pedro-in-oliete\/#breadcrumb\",\"itemListElement\":[{\"@type\":\"ListItem\",\"position\":1,\"name\":\"Portada\",\"item\":\"https:\/\/parqueriomartin.com\/en\/home\/\"},{\"@type\":\"ListItem\",\"position\":2,\"name\":\"First phase of excavation of the interior pit in the Iberian settlement of Cabezo de San Pedro in Oliete.\"}]},{\"@type\":\"WebSite\",\"@id\":\"https:\/\/parqueriomartin.com\/en\/#website\",\"url\":\"https:\/\/parqueriomartin.com\/en\/\",\"name\":\"Parque Cultural del R\u00edo Mart\u00edn\",\"description\":\"Conoce los pueblos, las rutas, los centros de interpretaci\u00f3n, las gentes... del Parque Cultural del R\u00edo Mart\u00edn\",\"potentialAction\":[{\"@type\":\"SearchAction\",\"target\":{\"@type\":\"EntryPoint\",\"urlTemplate\":\"https:\/\/parqueriomartin.com\/en\/?s={search_term_string}\"},\"query-input\":\"required name=search_term_string\"}],\"inLanguage\":\"en-US\"},{\"@type\":\"Person\",\"@id\":\"https:\/\/parqueriomartin.com\/en\/#\/schema\/person\/17a5181f0a3b723d86bb41efa9bfc8f2\",\"name\":\"sedinet\",\"image\":{\"@type\":\"ImageObject\",\"inLanguage\":\"en-US\",\"@id\":\"https:\/\/parqueriomartin.com\/en\/#\/schema\/person\/image\/\",\"url\":\"https:\/\/secure.gravatar.com\/avatar\/ad522901455cb1834b7fb0cf8bbe4a42?s=96&d=mm&r=g\",\"contentUrl\":\"https:\/\/secure.gravatar.com\/avatar\/ad522901455cb1834b7fb0cf8bbe4a42?s=96&d=mm&r=g\",\"caption\":\"sedinet\"},\"sameAs\":[\"https:\/\/parqueriomartin.com\"],\"url\":\"https:\/\/parqueriomartin.com\/en\/author\/sedinet\/\"}]}<\/script>\n<!-- \/ Yoast SEO plugin. -->","yoast_head_json":{"title":"First phase of excavation of the interior pit in the Iberian settlement of Cabezo de San Pedro in Oliete. - Parque Cultural del R\u00edo Mart\u00edn","robots":{"index":"index","follow":"follow","max-snippet":"max-snippet:-1","max-image-preview":"max-image-preview:large","max-video-preview":"max-video-preview:-1"},"canonical":"https:\/\/parqueriomartin.com\/en\/first-phase-of-excavation-of-the-interior-pit-in-the-iberian-settlement-of-cabezo-de-san-pedro-in-oliete\/","og_locale":"en_US","og_type":"article","og_title":"First phase of excavation of the interior pit in the Iberian settlement of Cabezo de San Pedro in Oliete. - Parque Cultural del R\u00edo Mart\u00edn","og_description":"The Iberian settlement of Cabezo de San Pedro in Oliete. The first phase of excavation of the inner moat shows some spectacular structures. The archaeological excavation and consolidation of structures at the Iberian site of Cabezo de San Pedro in Oliete during 2022 have yielded splendid results that have allowed us to better understand the [&hellip;]","og_url":"https:\/\/parqueriomartin.com\/en\/first-phase-of-excavation-of-the-interior-pit-in-the-iberian-settlement-of-cabezo-de-san-pedro-in-oliete\/","og_site_name":"Parque Cultural del R\u00edo Mart\u00edn","article_published_time":"2022-10-18T08:44:41+00:00","article_modified_time":"2022-10-20T09:29:38+00:00","og_image":[{"width":1299,"height":477,"url":"https:\/\/parqueriomartin.com\/wp-content\/uploads\/foto-noticia-poblado-cabezo-san-pedro-parque-cultural-rio-martin.webp","type":"image\/webp"}],"author":"sedinet","twitter_card":"summary_large_image","twitter_misc":{"Written by":"sedinet","Est. reading time":"1 minute"},"schema":{"@context":"https:\/\/schema.org","@graph":[{"@type":"WebPage","@id":"https:\/\/parqueriomartin.com\/en\/first-phase-of-excavation-of-the-interior-pit-in-the-iberian-settlement-of-cabezo-de-san-pedro-in-oliete\/","url":"https:\/\/parqueriomartin.com\/en\/first-phase-of-excavation-of-the-interior-pit-in-the-iberian-settlement-of-cabezo-de-san-pedro-in-oliete\/","name":"First phase of excavation of the interior pit in the Iberian settlement of Cabezo de San Pedro in Oliete. - Parque Cultural del R\u00edo Mart\u00edn","isPartOf":{"@id":"https:\/\/parqueriomartin.com\/en\/#website"},"primaryImageOfPage":{"@id":"https:\/\/parqueriomartin.com\/en\/first-phase-of-excavation-of-the-interior-pit-in-the-iberian-settlement-of-cabezo-de-san-pedro-in-oliete\/#primaryimage"},"image":{"@id":"https:\/\/parqueriomartin.com\/en\/first-phase-of-excavation-of-the-interior-pit-in-the-iberian-settlement-of-cabezo-de-san-pedro-in-oliete\/#primaryimage"},"thumbnailUrl":"https:\/\/parqueriomartin.com\/wp-content\/uploads\/foto-noticia-poblado-cabezo-san-pedro-parque-cultural-rio-martin.webp","datePublished":"2022-10-18T08:44:41+00:00","dateModified":"2022-10-20T09:29:38+00:00","author":{"@id":"https:\/\/parqueriomartin.com\/en\/#\/schema\/person\/17a5181f0a3b723d86bb41efa9bfc8f2"},"breadcrumb":{"@id":"https:\/\/parqueriomartin.com\/en\/first-phase-of-excavation-of-the-interior-pit-in-the-iberian-settlement-of-cabezo-de-san-pedro-in-oliete\/#breadcrumb"},"inLanguage":"en-US","potentialAction":[{"@type":"ReadAction","target":["https:\/\/parqueriomartin.com\/en\/first-phase-of-excavation-of-the-interior-pit-in-the-iberian-settlement-of-cabezo-de-san-pedro-in-oliete\/"]}]},{"@type":"ImageObject","inLanguage":"en-US","@id":"https:\/\/parqueriomartin.com\/en\/first-phase-of-excavation-of-the-interior-pit-in-the-iberian-settlement-of-cabezo-de-san-pedro-in-oliete\/#primaryimage","url":"https:\/\/parqueriomartin.com\/wp-content\/uploads\/foto-noticia-poblado-cabezo-san-pedro-parque-cultural-rio-martin.webp","contentUrl":"https:\/\/parqueriomartin.com\/wp-content\/uploads\/foto-noticia-poblado-cabezo-san-pedro-parque-cultural-rio-martin.webp","width":1299,"height":477},{"@type":"BreadcrumbList","@id":"https:\/\/parqueriomartin.com\/en\/first-phase-of-excavation-of-the-interior-pit-in-the-iberian-settlement-of-cabezo-de-san-pedro-in-oliete\/#breadcrumb","itemListElement":[{"@type":"ListItem","position":1,"name":"Portada","item":"https:\/\/parqueriomartin.com\/en\/home\/"},{"@type":"ListItem","position":2,"name":"First phase of excavation of the interior pit in the Iberian settlement of Cabezo de San Pedro in Oliete."}]},{"@type":"WebSite","@id":"https:\/\/parqueriomartin.com\/en\/#website","url":"https:\/\/parqueriomartin.com\/en\/","name":"Parque Cultural del R\u00edo Mart\u00edn","description":"Conoce los pueblos, las rutas, los centros de interpretaci\u00f3n, las gentes... del Parque Cultural del R\u00edo Mart\u00edn","potentialAction":[{"@type":"SearchAction","target":{"@type":"EntryPoint","urlTemplate":"https:\/\/parqueriomartin.com\/en\/?s={search_term_string}"},"query-input":"required name=search_term_string"}],"inLanguage":"en-US"},{"@type":"Person","@id":"https:\/\/parqueriomartin.com\/en\/#\/schema\/person\/17a5181f0a3b723d86bb41efa9bfc8f2","name":"sedinet","image":{"@type":"ImageObject","inLanguage":"en-US","@id":"https:\/\/parqueriomartin.com\/en\/#\/schema\/person\/image\/","url":"https:\/\/secure.gravatar.com\/avatar\/ad522901455cb1834b7fb0cf8bbe4a42?s=96&d=mm&r=g","contentUrl":"https:\/\/secure.gravatar.com\/avatar\/ad522901455cb1834b7fb0cf8bbe4a42?s=96&d=mm&r=g","caption":"sedinet"},"sameAs":["https:\/\/parqueriomartin.com"],"url":"https:\/\/parqueriomartin.com\/en\/author\/sedinet\/"}]}},"_links":{"self":[{"href":"https:\/\/parqueriomartin.com\/en\/wp-json\/wp\/v2\/posts\/105159"}],"collection":[{"href":"https:\/\/parqueriomartin.com\/en\/wp-json\/wp\/v2\/posts"}],"about":[{"href":"https:\/\/parqueriomartin.com\/en\/wp-json\/wp\/v2\/types\/post"}],"author":[{"embeddable":true,"href":"https:\/\/parqueriomartin.com\/en\/wp-json\/wp\/v2\/users\/1"}],"replies":[{"embeddable":true,"href":"https:\/\/parqueriomartin.com\/en\/wp-json\/wp\/v2\/comments?post=105159"}],"version-history":[{"count":1,"href":"https:\/\/parqueriomartin.com\/en\/wp-json\/wp\/v2\/posts\/105159\/revisions"}],"predecessor-version":[{"id":105162,"href":"https:\/\/parqueriomartin.com\/en\/wp-json\/wp\/v2\/posts\/105159\/revisions\/105162"}],"wp:featuredmedia":[{"embeddable":true,"href":"https:\/\/parqueriomartin.com\/en\/wp-json\/wp\/v2\/media\/105150"}],"wp:attachment":[{"href":"https:\/\/parqueriomartin.com\/en\/wp-json\/wp\/v2\/media?parent=105159"}],"wp:term":[{"taxonomy":"category","embeddable":true,"href":"https:\/\/parqueriomartin.com\/en\/wp-json\/wp\/v2\/categories?post=105159"},{"taxonomy":"post_tag","embeddable":true,"href":"https:\/\/parqueriomartin.com\/en\/wp-json\/wp\/v2\/tags?post=105159"},{"taxonomy":"categorias_tipos","embeddable":true,"href":"https:\/\/parqueriomartin.com\/en\/wp-json\/wp\/v2\/categorias_tipos?post=105159"}],"curies":[{"name":"wp","href":"https:\/\/api.w.org\/{rel}","templated":true}]}}