{"id":106702,"date":"2022-11-03T16:31:47","date_gmt":"2022-11-03T16:31:47","guid":{"rendered":"https:\/\/parqueriomartin.com\/?p=106702"},"modified":"2022-11-03T16:38:08","modified_gmt":"2022-11-03T16:38:08","slug":"emergency-consolidation-of-the-tower-of-the-cristos-de-alcaine","status":"publish","type":"post","link":"https:\/\/parqueriomartin.com\/en\/emergency-consolidation-of-the-tower-of-the-cristos-de-alcaine\/","title":{"rendered":"Emergency consolidation of the tower of the Cristos de Alcaine."},"content":{"rendered":"<p>The emergency consolidation works of the &#8220;Torreta&#8221; or &#8220;Torre\u00f3n de los Cristos&#8221; in Alcaine, sponsored within the Plan of the Cultural Park of the Mart\u00edn River 2022 between the Government of Arag\u00f3n and the City Council of Alcaine have allowed, in this first phase, the consolidation of the crowning and the sewing of cracks in the masonry in walls and corners.<\/p>\n<p>The photograph was sent to us from the Benicozar mountain by Jos\u00e9 Manuel Besp\u00edn. The photograph shows, at the top of the tower, the interior scaffolding still in place, after manual dismantling and selective collection of elements that were in danger of falling. The snowfalls and a lightning strike ended up sinking the roof added to the tower that adapted it as a dovecote.<\/p>\n","protected":false},"excerpt":{"rendered":"<p>The emergency consolidation works of the &#8220;Torreta&#8221; or &#8220;Torre\u00f3n de los Cristos&#8221; in Alcaine, sponsored within the Plan of the Cultural Park of the Mart\u00edn River 2022 between the Government of Arag\u00f3n and the City Council of Alcaine have allowed, in this first phase, the consolidation of the crowning and the sewing of cracks in [&hellip;]<\/p>\n","protected":false},"author":1,"featured_media":106698,"comment_status":"closed","ping_status":"closed","sticky":false,"template":"","format":"standard","meta":{"_acf_changed":false,"_et_pb_use_builder":"","_et_pb_old_content":"","_et_gb_content_width":"","footnotes":""},"categories":[51],"tags":[],"categorias_tipos":[113],"acf":[],"yoast_head":"<!-- This site is optimized with the Yoast SEO plugin v22.5 - https:\/\/yoast.com\/wordpress\/plugins\/seo\/ -->\n<title>Emergency consolidation of the tower of the Cristos de Alcaine. - Parque Cultural del R\u00edo Mart\u00edn<\/title>\n<meta name=\"robots\" content=\"index, follow, max-snippet:-1, max-image-preview:large, max-video-preview:-1\" \/>\n<link rel=\"canonical\" href=\"https:\/\/parqueriomartin.com\/en\/emergency-consolidation-of-the-tower-of-the-cristos-de-alcaine\/\" \/>\n<meta property=\"og:locale\" content=\"en_US\" \/>\n<meta property=\"og:type\" content=\"article\" \/>\n<meta property=\"og:title\" content=\"Emergency consolidation of the tower of the Cristos de Alcaine. - Parque Cultural del R\u00edo Mart\u00edn\" \/>\n<meta property=\"og:description\" content=\"The emergency consolidation works of the &#8220;Torreta&#8221; or &#8220;Torre\u00f3n de los Cristos&#8221; in Alcaine, sponsored within the Plan of the Cultural Park of the Mart\u00edn River 2022 between the Government of Arag\u00f3n and the City Council of Alcaine have allowed, in this first phase, the consolidation of the crowning and the sewing of cracks in [&hellip;]\" \/>\n<meta property=\"og:url\" content=\"https:\/\/parqueriomartin.com\/en\/emergency-consolidation-of-the-tower-of-the-cristos-de-alcaine\/\" \/>\n<meta property=\"og:site_name\" content=\"Parque Cultural del R\u00edo Mart\u00edn\" \/>\n<meta property=\"article:published_time\" content=\"2022-11-03T16:31:47+00:00\" \/>\n<meta property=\"article:modified_time\" content=\"2022-11-03T16:38:08+00:00\" \/>\n<meta property=\"og:image\" content=\"https:\/\/parqueriomartin.com\/wp-content\/uploads\/foto-noticia-consolidacion-torreon-cristos-alcaine-parque-cultural-rio-martin.webp\" \/>\n\t<meta property=\"og:image:width\" content=\"1920\" \/>\n\t<meta property=\"og:image:height\" content=\"1440\" \/>\n\t<meta property=\"og:image:type\" content=\"image\/webp\" \/>\n<meta name=\"author\" content=\"sedinet\" \/>\n<meta name=\"twitter:card\" content=\"summary_large_image\" \/>\n<meta name=\"twitter:label1\" content=\"Written by\" \/>\n\t<meta name=\"twitter:data1\" content=\"sedinet\" \/>\n\t<meta name=\"twitter:label2\" content=\"Est. reading time\" \/>\n\t<meta name=\"twitter:data2\" content=\"1 minute\" \/>\n<script type=\"application\/ld+json\" class=\"yoast-schema-graph\">{\"@context\":\"https:\/\/schema.org\",\"@graph\":[{\"@type\":\"WebPage\",\"@id\":\"https:\/\/parqueriomartin.com\/en\/emergency-consolidation-of-the-tower-of-the-cristos-de-alcaine\/\",\"url\":\"https:\/\/parqueriomartin.com\/en\/emergency-consolidation-of-the-tower-of-the-cristos-de-alcaine\/\",\"name\":\"Emergency consolidation of the tower of the Cristos de Alcaine. - Parque Cultural del R\u00edo Mart\u00edn\",\"isPartOf\":{\"@id\":\"https:\/\/parqueriomartin.com\/en\/#website\"},\"primaryImageOfPage\":{\"@id\":\"https:\/\/parqueriomartin.com\/en\/emergency-consolidation-of-the-tower-of-the-cristos-de-alcaine\/#primaryimage\"},\"image\":{\"@id\":\"https:\/\/parqueriomartin.com\/en\/emergency-consolidation-of-the-tower-of-the-cristos-de-alcaine\/#primaryimage\"},\"thumbnailUrl\":\"https:\/\/parqueriomartin.com\/wp-content\/uploads\/foto-noticia-consolidacion-torreon-cristos-alcaine-parque-cultural-rio-martin.webp\",\"datePublished\":\"2022-11-03T16:31:47+00:00\",\"dateModified\":\"2022-11-03T16:38:08+00:00\",\"author\":{\"@id\":\"https:\/\/parqueriomartin.com\/en\/#\/schema\/person\/17a5181f0a3b723d86bb41efa9bfc8f2\"},\"breadcrumb\":{\"@id\":\"https:\/\/parqueriomartin.com\/en\/emergency-consolidation-of-the-tower-of-the-cristos-de-alcaine\/#breadcrumb\"},\"inLanguage\":\"en-US\",\"potentialAction\":[{\"@type\":\"ReadAction\",\"target\":[\"https:\/\/parqueriomartin.com\/en\/emergency-consolidation-of-the-tower-of-the-cristos-de-alcaine\/\"]}]},{\"@type\":\"ImageObject\",\"inLanguage\":\"en-US\",\"@id\":\"https:\/\/parqueriomartin.com\/en\/emergency-consolidation-of-the-tower-of-the-cristos-de-alcaine\/#primaryimage\",\"url\":\"https:\/\/parqueriomartin.com\/wp-content\/uploads\/foto-noticia-consolidacion-torreon-cristos-alcaine-parque-cultural-rio-martin.webp\",\"contentUrl\":\"https:\/\/parqueriomartin.com\/wp-content\/uploads\/foto-noticia-consolidacion-torreon-cristos-alcaine-parque-cultural-rio-martin.webp\",\"width\":1920,\"height\":1440},{\"@type\":\"BreadcrumbList\",\"@id\":\"https:\/\/parqueriomartin.com\/en\/emergency-consolidation-of-the-tower-of-the-cristos-de-alcaine\/#breadcrumb\",\"itemListElement\":[{\"@type\":\"ListItem\",\"position\":1,\"name\":\"Portada\",\"item\":\"https:\/\/parqueriomartin.com\/en\/home\/\"},{\"@type\":\"ListItem\",\"position\":2,\"name\":\"Emergency consolidation of the tower of the Cristos de Alcaine.\"}]},{\"@type\":\"WebSite\",\"@id\":\"https:\/\/parqueriomartin.com\/en\/#website\",\"url\":\"https:\/\/parqueriomartin.com\/en\/\",\"name\":\"Parque Cultural del R\u00edo Mart\u00edn\",\"description\":\"Conoce los pueblos, las rutas, los centros de interpretaci\u00f3n, las gentes... del Parque Cultural del R\u00edo Mart\u00edn\",\"potentialAction\":[{\"@type\":\"SearchAction\",\"target\":{\"@type\":\"EntryPoint\",\"urlTemplate\":\"https:\/\/parqueriomartin.com\/en\/?s={search_term_string}\"},\"query-input\":\"required name=search_term_string\"}],\"inLanguage\":\"en-US\"},{\"@type\":\"Person\",\"@id\":\"https:\/\/parqueriomartin.com\/en\/#\/schema\/person\/17a5181f0a3b723d86bb41efa9bfc8f2\",\"name\":\"sedinet\",\"image\":{\"@type\":\"ImageObject\",\"inLanguage\":\"en-US\",\"@id\":\"https:\/\/parqueriomartin.com\/en\/#\/schema\/person\/image\/\",\"url\":\"https:\/\/secure.gravatar.com\/avatar\/ad522901455cb1834b7fb0cf8bbe4a42?s=96&d=mm&r=g\",\"contentUrl\":\"https:\/\/secure.gravatar.com\/avatar\/ad522901455cb1834b7fb0cf8bbe4a42?s=96&d=mm&r=g\",\"caption\":\"sedinet\"},\"sameAs\":[\"https:\/\/parqueriomartin.com\"],\"url\":\"https:\/\/parqueriomartin.com\/en\/author\/sedinet\/\"}]}<\/script>\n<!-- \/ Yoast SEO plugin. -->","yoast_head_json":{"title":"Emergency consolidation of the tower of the Cristos de Alcaine. - Parque Cultural del R\u00edo Mart\u00edn","robots":{"index":"index","follow":"follow","max-snippet":"max-snippet:-1","max-image-preview":"max-image-preview:large","max-video-preview":"max-video-preview:-1"},"canonical":"https:\/\/parqueriomartin.com\/en\/emergency-consolidation-of-the-tower-of-the-cristos-de-alcaine\/","og_locale":"en_US","og_type":"article","og_title":"Emergency consolidation of the tower of the Cristos de Alcaine. - Parque Cultural del R\u00edo Mart\u00edn","og_description":"The emergency consolidation works of the &#8220;Torreta&#8221; or &#8220;Torre\u00f3n de los Cristos&#8221; in Alcaine, sponsored within the Plan of the Cultural Park of the Mart\u00edn River 2022 between the Government of Arag\u00f3n and the City Council of Alcaine have allowed, in this first phase, the consolidation of the crowning and the sewing of cracks in [&hellip;]","og_url":"https:\/\/parqueriomartin.com\/en\/emergency-consolidation-of-the-tower-of-the-cristos-de-alcaine\/","og_site_name":"Parque Cultural del R\u00edo Mart\u00edn","article_published_time":"2022-11-03T16:31:47+00:00","article_modified_time":"2022-11-03T16:38:08+00:00","og_image":[{"width":1920,"height":1440,"url":"https:\/\/parqueriomartin.com\/wp-content\/uploads\/foto-noticia-consolidacion-torreon-cristos-alcaine-parque-cultural-rio-martin.webp","type":"image\/webp"}],"author":"sedinet","twitter_card":"summary_large_image","twitter_misc":{"Written by":"sedinet","Est. reading time":"1 minute"},"schema":{"@context":"https:\/\/schema.org","@graph":[{"@type":"WebPage","@id":"https:\/\/parqueriomartin.com\/en\/emergency-consolidation-of-the-tower-of-the-cristos-de-alcaine\/","url":"https:\/\/parqueriomartin.com\/en\/emergency-consolidation-of-the-tower-of-the-cristos-de-alcaine\/","name":"Emergency consolidation of the tower of the Cristos de Alcaine. - Parque Cultural del R\u00edo Mart\u00edn","isPartOf":{"@id":"https:\/\/parqueriomartin.com\/en\/#website"},"primaryImageOfPage":{"@id":"https:\/\/parqueriomartin.com\/en\/emergency-consolidation-of-the-tower-of-the-cristos-de-alcaine\/#primaryimage"},"image":{"@id":"https:\/\/parqueriomartin.com\/en\/emergency-consolidation-of-the-tower-of-the-cristos-de-alcaine\/#primaryimage"},"thumbnailUrl":"https:\/\/parqueriomartin.com\/wp-content\/uploads\/foto-noticia-consolidacion-torreon-cristos-alcaine-parque-cultural-rio-martin.webp","datePublished":"2022-11-03T16:31:47+00:00","dateModified":"2022-11-03T16:38:08+00:00","author":{"@id":"https:\/\/parqueriomartin.com\/en\/#\/schema\/person\/17a5181f0a3b723d86bb41efa9bfc8f2"},"breadcrumb":{"@id":"https:\/\/parqueriomartin.com\/en\/emergency-consolidation-of-the-tower-of-the-cristos-de-alcaine\/#breadcrumb"},"inLanguage":"en-US","potentialAction":[{"@type":"ReadAction","target":["https:\/\/parqueriomartin.com\/en\/emergency-consolidation-of-the-tower-of-the-cristos-de-alcaine\/"]}]},{"@type":"ImageObject","inLanguage":"en-US","@id":"https:\/\/parqueriomartin.com\/en\/emergency-consolidation-of-the-tower-of-the-cristos-de-alcaine\/#primaryimage","url":"https:\/\/parqueriomartin.com\/wp-content\/uploads\/foto-noticia-consolidacion-torreon-cristos-alcaine-parque-cultural-rio-martin.webp","contentUrl":"https:\/\/parqueriomartin.com\/wp-content\/uploads\/foto-noticia-consolidacion-torreon-cristos-alcaine-parque-cultural-rio-martin.webp","width":1920,"height":1440},{"@type":"BreadcrumbList","@id":"https:\/\/parqueriomartin.com\/en\/emergency-consolidation-of-the-tower-of-the-cristos-de-alcaine\/#breadcrumb","itemListElement":[{"@type":"ListItem","position":1,"name":"Portada","item":"https:\/\/parqueriomartin.com\/en\/home\/"},{"@type":"ListItem","position":2,"name":"Emergency consolidation of the tower of the Cristos de Alcaine."}]},{"@type":"WebSite","@id":"https:\/\/parqueriomartin.com\/en\/#website","url":"https:\/\/parqueriomartin.com\/en\/","name":"Parque Cultural del R\u00edo Mart\u00edn","description":"Conoce los pueblos, las rutas, los centros de interpretaci\u00f3n, las gentes... del Parque Cultural del R\u00edo Mart\u00edn","potentialAction":[{"@type":"SearchAction","target":{"@type":"EntryPoint","urlTemplate":"https:\/\/parqueriomartin.com\/en\/?s={search_term_string}"},"query-input":"required name=search_term_string"}],"inLanguage":"en-US"},{"@type":"Person","@id":"https:\/\/parqueriomartin.com\/en\/#\/schema\/person\/17a5181f0a3b723d86bb41efa9bfc8f2","name":"sedinet","image":{"@type":"ImageObject","inLanguage":"en-US","@id":"https:\/\/parqueriomartin.com\/en\/#\/schema\/person\/image\/","url":"https:\/\/secure.gravatar.com\/avatar\/ad522901455cb1834b7fb0cf8bbe4a42?s=96&d=mm&r=g","contentUrl":"https:\/\/secure.gravatar.com\/avatar\/ad522901455cb1834b7fb0cf8bbe4a42?s=96&d=mm&r=g","caption":"sedinet"},"sameAs":["https:\/\/parqueriomartin.com"],"url":"https:\/\/parqueriomartin.com\/en\/author\/sedinet\/"}]}},"_links":{"self":[{"href":"https:\/\/parqueriomartin.com\/en\/wp-json\/wp\/v2\/posts\/106702"}],"collection":[{"href":"https:\/\/parqueriomartin.com\/en\/wp-json\/wp\/v2\/posts"}],"about":[{"href":"https:\/\/parqueriomartin.com\/en\/wp-json\/wp\/v2\/types\/post"}],"author":[{"embeddable":true,"href":"https:\/\/parqueriomartin.com\/en\/wp-json\/wp\/v2\/users\/1"}],"replies":[{"embeddable":true,"href":"https:\/\/parqueriomartin.com\/en\/wp-json\/wp\/v2\/comments?post=106702"}],"version-history":[{"count":1,"href":"https:\/\/parqueriomartin.com\/en\/wp-json\/wp\/v2\/posts\/106702\/revisions"}],"predecessor-version":[{"id":106703,"href":"https:\/\/parqueriomartin.com\/en\/wp-json\/wp\/v2\/posts\/106702\/revisions\/106703"}],"wp:featuredmedia":[{"embeddable":true,"href":"https:\/\/parqueriomartin.com\/en\/wp-json\/wp\/v2\/media\/106698"}],"wp:attachment":[{"href":"https:\/\/parqueriomartin.com\/en\/wp-json\/wp\/v2\/media?parent=106702"}],"wp:term":[{"taxonomy":"category","embeddable":true,"href":"https:\/\/parqueriomartin.com\/en\/wp-json\/wp\/v2\/categories?post=106702"},{"taxonomy":"post_tag","embeddable":true,"href":"https:\/\/parqueriomartin.com\/en\/wp-json\/wp\/v2\/tags?post=106702"},{"taxonomy":"categorias_tipos","embeddable":true,"href":"https:\/\/parqueriomartin.com\/en\/wp-json\/wp\/v2\/categorias_tipos?post=106702"}],"curies":[{"name":"wp","href":"https:\/\/api.w.org\/{rel}","templated":true}]}}