{"id":108398,"date":"2023-11-20T16:39:53","date_gmt":"2023-11-20T16:39:53","guid":{"rendered":"https:\/\/parqueriomartin.com\/the-first-conference-on-architecture-and-landscape-at-the-initiative-of-the-european-program-becultour-of-the-provincial-council-of-teruel-and-the-cultural-park-of-the-martin-river-ended\/"},"modified":"2023-11-20T16:39:53","modified_gmt":"2023-11-20T16:39:53","slug":"the-first-conference-on-architecture-and-landscape-at-the-initiative-of-the-european-program-becultour-of-the-provincial-council-of-teruel-and-the-cultural-park-of-the-martin-river-ended","status":"publish","type":"post","link":"https:\/\/parqueriomartin.com\/en\/the-first-conference-on-architecture-and-landscape-at-the-initiative-of-the-european-program-becultour-of-the-provincial-council-of-teruel-and-the-cultural-park-of-the-martin-river-ended\/","title":{"rendered":"The First Conference on Architecture and Landscape at the initiative of the European Program Becultour of the Provincial Council of Teruel and the Cultural Park of the Mart\u00edn River ended."},"content":{"rendered":"<p>Two intense weekends, with lectures, interpretative routes, and practical work in which fifty people participated, including those registered for the conference and local volunteers, who have focused their efforts on the recovery of the small causeway or retaining wall of land and separation or &#8220;border&#8221; of the paved threshing floors, now abandoned. One of the threshing floors was also cleaned and recovered with the aim of, in the near future, recovering this entire ethnological space. At present, this space has been adapted as a viewpoint at the tail of the Cueva Foradada reservoir.<\/p>\n<p>The team is already underway with people from Alcaine, to finish and recover all the space, cleaning the rest of the eras and rebuilding the Peir\u00f3n de la Virgen del Rosario. They have the support of the City Council of Alcaine and the Cultural Park of the Mart\u00edn River. We continue.<\/p>\n<p>We leave you some photos of before and after the performance and the photo of the week published by the rural journalist Francisco Herrero in the Diario de Teruel, with a caption &#8220;as a team&#8221; that sums up perfectly the work developed.<\/p>\n<p>&nbsp;<\/p>\n<hr>\n<style>#jtg-108368 .modula-item .jtg-social a, .lightbox-socials.jtg-social a{ fill: #ffffff; color: #ffffff }#jtg-108368 .modula-item .jtg-social-expandable a, #jtg-108368 .modula-item .jtg-social-expandable-icons a{ fill: #ffffff; color: #ffffff }#jtg-108368 .modula-item .jtg-social svg, .lightbox-socials.jtg-social svg { height: 16px; width: 16px }#jtg-108368 .modula-item .jtg-social-expandable svg { height: 16px; width: 16px }#jtg-108368 .modula-item .jtg-social-expandable-icons svg { height: 16px; width: 16px }#jtg-108368 .modula-item .jtg-social a:not(:last-child), .lightbox-socials.jtg-social a:not(:last-child) { margin-right: 10px }#jtg-108368 .modula-item .jtg-social-expandable-icons { gap: 10px }#jtg-108368 .modula-item .figc {color:#ffffff;}#jtg-108368 .modula-item .modula-item-content { transform: scale(1); }#jtg-108368 { width:100%;}#jtg-108368 .modula-items{height:400px;}@media screen and (max-width: 992px) {#jtg-108368 .modula-items{height:400px;}}@media screen and (max-width: 768px) {#jtg-108368 .modula-items{height:400px;}}#jtg-108368 .modula-items .figc p.description { font-size:14px; }#jtg-108368 .modula-items .figc p.description { color:#ffffff;}#jtg-108368.modula-gallery .modula-item > a, #jtg-108368.modula-gallery .modula-item, #jtg-108368.modula-gallery .modula-item-content > a:not(.modula-no-follow) { cursor:zoom-in; } #jtg-108368.modula-gallery .modula-item-content .modula-no-follow { cursor: default; } @media screen and (max-width:480px){#jtg-108368 .modula-item .figc .jtg-title {  font-size: 12px; }#jtg-108368 .modula-items .figc p.description { color:#ffffff;font-size:10px; }}<\/style>\n<div  id=\"jtg-108368\" class=\"modula modula-gallery modula-creative-gallery\" data-config=\"{&quot;height&quot;:400,&quot;tabletHeight&quot;:400,&quot;mobileHeight&quot;:400,&quot;desktopHeight&quot;:400,&quot;enableTwitter&quot;:false,&quot;enableWhatsapp&quot;:false,&quot;enableFacebook&quot;:false,&quot;enablePinterest&quot;:false,&quot;enableLinkedin&quot;:false,&quot;enableEmail&quot;:false,&quot;randomFactor&quot;:0.5,&quot;type&quot;:&quot;creative-gallery&quot;,&quot;columns&quot;:12,&quot;gutter&quot;:10,&quot;mobileGutter&quot;:10,&quot;tabletGutter&quot;:10,&quot;desktopGutter&quot;:10,&quot;enableResponsive&quot;:&quot;0&quot;,&quot;tabletColumns&quot;:&quot;2&quot;,&quot;mobileColumns&quot;:&quot;1&quot;,&quot;lazyLoad&quot;:0,&quot;lightboxOpts&quot;:{&quot;animated&quot;:true,&quot;Thumbs&quot;:{&quot;type&quot;:&quot;modern&quot;,&quot;showOnStart&quot;:false},&quot;Toolbar&quot;:{&quot;display&quot;:{&quot;right&quot;:[&quot;close&quot;]},&quot;enabled&quot;:true},&quot;Carousel&quot;:{&quot;Panzoom&quot;:{&quot;touch&quot;:false},&quot;infinite&quot;:false},&quot;keyboard&quot;:{&quot;Escape&quot;:&quot;close&quot;,&quot;Delete&quot;:&quot;close&quot;,&quot;Backspace&quot;:&quot;close&quot;,&quot;PageUp&quot;:false,&quot;PageDown&quot;:false,&quot;ArrowUp&quot;:false,&quot;ArrowDown&quot;:false,&quot;ArrowRight&quot;:false,&quot;ArrowLeft&quot;:false},&quot;touch&quot;:false,&quot;backdropClick&quot;:false,&quot;l10n&quot;:{&quot;CLOSE&quot;:&quot;Close&quot;,&quot;NEXT&quot;:&quot;Next&quot;,&quot;PREV&quot;:&quot;Previous&quot;,&quot;Error&quot;:&quot;The requested content cannot be loaded. Please try again later.&quot;,&quot;PLAY_START&quot;:&quot;Start slideshow&quot;,&quot;PLAY_STOP&quot;:&quot;Pause slideshow&quot;,&quot;FULL_SCREEN&quot;:&quot;Full screen&quot;,&quot;THUMBS&quot;:&quot;Thumbnails&quot;,&quot;DOWNLOAD&quot;:&quot;Download&quot;,&quot;SHARE&quot;:&quot;Share&quot;,&quot;ZOOM&quot;:&quot;Zoom&quot;,&quot;EMAIL&quot;:&quot;Here is the link to the image : %%image_link%% and this is the link to the gallery : %%gallery_link%%&quot;,&quot;MODAL&quot;:&quot;You can close this modal content with the ESC key&quot;,&quot;ERROR&quot;:&quot;Something Went Wrong, Please Try Again Later&quot;,&quot;IMAGE_ERROR&quot;:&quot;Image Not Found&quot;,&quot;ELEMENT_NOT_FOUND&quot;:&quot;HTML Element Not Found&quot;,&quot;AJAX_NOT_FOUND&quot;:&quot;Error Loading AJAX : Not Found&quot;,&quot;AJAX_FORBIDDEN&quot;:&quot;Error Loading AJAX : Forbidden&quot;,&quot;IFRAME_ERROR&quot;:&quot;Error Loading Page&quot;,&quot;TOGGLE_ZOOM&quot;:&quot;Toggle zoom level&quot;,&quot;TOGGLE_THUMBS&quot;:&quot;Toggle thumbnails&quot;,&quot;TOGGLE_SLIDESHOW&quot;:&quot;Toggle slideshow&quot;,&quot;TOGGLE_FULLSCREEN&quot;:&quot;Toggle full-screen mode&quot;},&quot;Images&quot;:{&quot;Panzoom&quot;:{&quot;maxScale&quot;:2}},&quot;mainClass&quot;:&quot;modula-fancybox-container modula-lightbox-jtg-108368&quot;,&quot;Html&quot;:{&quot;videoAutoplay&quot;:0,&quot;videoTpl&quot;:&quot;&lt;video class=\\&quot;fancybox__html5video\\&quot; controls muted playsinline controlsList controlsList=\\&quot;nodownload\\&quot; poster=\\&quot;{{poster}}\\&quot; src=\\&quot;{{src}}\\&quot; type=\\&quot;{{format}}\\&quot; &gt;  Sorry, your browser doesn&#039;t support embedded videos, &lt;a href=\\&quot;{{src}}\\&quot;&gt; download &lt;\\\/a&gt; and watch with your favorite video player! &lt;\\\/video&gt;&quot;}},&quot;inView&quot;:false,&quot;email_subject&quot;:&quot;Check out this awesome image !!&quot;,&quot;email_message&quot;:&quot;Here is the link to the image : %%image_link%% and this is the link to the gallery : %%gallery_link%%&quot;,&quot;lightbox&quot;:&quot;fancybox&quot;}\">\n\n\t\n\t<div  class=\"modula-items\">\n\t\t<div class=\"modula-item effect-pufrobo\" >\n\t<div class=\"modula-item-overlay\"><\/div>\n\n\t<div class=\"modula-item-content\">\n\n\t\t\t\t\n\t\t\t\t\t<a data-image-id=\"108369\" role=\"button\" tabindex=\"0\" rel=\"jtg-108368\" data-caption=\"\" aria-label=\"Open image in lightbox\" class=\"tile-inner modula-item-link\"><\/a>\n\t\t\n\t\t<img loading=\"lazy\" decoding=\"async\" class=\"pic wp-image-108369\"  data-valign=\"middle\" data-halign=\"center\" alt=\"\" data-full=\"https:\/\/parqueriomartin.com\/wp-content\/uploads\/foto05-noticia-i-jornadas-arquitectura-paisaje-parque-cultural-rio-martin.webp\" title=\"foto05-noticia-i-jornadas-arquitectura-paisaje-parque-cultural-rio-martin\" width=\"1024\" height=\"768\" src=\"https:\/\/parqueriomartin.com\/wp-content\/uploads\/foto05-noticia-i-jornadas-arquitectura-paisaje-parque-cultural-rio-martin-1024x768.webp\" data-src=\"https:\/\/parqueriomartin.com\/wp-content\/uploads\/foto05-noticia-i-jornadas-arquitectura-paisaje-parque-cultural-rio-martin-1024x768.webp\" data-caption=\"\" srcset=\"https:\/\/parqueriomartin.com\/wp-content\/uploads\/foto05-noticia-i-jornadas-arquitectura-paisaje-parque-cultural-rio-martin.webp 1024w, https:\/\/parqueriomartin.com\/wp-content\/uploads\/foto05-noticia-i-jornadas-arquitectura-paisaje-parque-cultural-rio-martin-980x735.webp 980w, https:\/\/parqueriomartin.com\/wp-content\/uploads\/foto05-noticia-i-jornadas-arquitectura-paisaje-parque-cultural-rio-martin-480x360.webp 480w\" sizes=\"(min-width: 0px) and (max-width: 480px) 480px, (min-width: 481px) and (max-width: 980px) 980px, (min-width: 981px) 1024px, 100vw\" \/>\n\t\t<div class=\"figc no-description\">\n\t\t\t<div class=\"figc-inner\">\n\t\t\t\t\t\t\t\t\t\t\t\t\t\t\t<\/div>\n\t\t<\/div>\n\n\t<\/div>\n\n<\/div><div class=\"modula-item effect-pufrobo\" >\n\t<div class=\"modula-item-overlay\"><\/div>\n\n\t<div class=\"modula-item-content\">\n\n\t\t\t\t\n\t\t\t\t\t<a data-image-id=\"108372\" role=\"button\" tabindex=\"0\" rel=\"jtg-108368\" data-caption=\"\" aria-label=\"Open image in lightbox\" class=\"tile-inner modula-item-link\"><\/a>\n\t\t\n\t\t<img loading=\"lazy\" decoding=\"async\" class=\"pic wp-image-108372\"  data-valign=\"middle\" data-halign=\"center\" alt=\"\" data-full=\"https:\/\/parqueriomartin.com\/wp-content\/uploads\/foto06-noticia-i-jornadas-arquitectura-paisaje-parque-cultural-rio-martin.webp\" title=\"foto06-noticia-i-jornadas-arquitectura-paisaje-parque-cultural-rio-martin\" width=\"1024\" height=\"418\" src=\"https:\/\/parqueriomartin.com\/wp-content\/uploads\/foto06-noticia-i-jornadas-arquitectura-paisaje-parque-cultural-rio-martin-1024x418.webp\" data-src=\"https:\/\/parqueriomartin.com\/wp-content\/uploads\/foto06-noticia-i-jornadas-arquitectura-paisaje-parque-cultural-rio-martin-1024x418.webp\" data-caption=\"\" srcset=\"https:\/\/parqueriomartin.com\/wp-content\/uploads\/foto06-noticia-i-jornadas-arquitectura-paisaje-parque-cultural-rio-martin-980x400.webp 980w, https:\/\/parqueriomartin.com\/wp-content\/uploads\/foto06-noticia-i-jornadas-arquitectura-paisaje-parque-cultural-rio-martin-480x196.webp 480w\" sizes=\"(min-width: 0px) and (max-width: 480px) 480px, (min-width: 481px) and (max-width: 980px) 980px, (min-width: 981px) 1024px, 100vw\" \/>\n\t\t<div class=\"figc no-description\">\n\t\t\t<div class=\"figc-inner\">\n\t\t\t\t\t\t\t\t\t\t\t\t\t\t\t<\/div>\n\t\t<\/div>\n\n\t<\/div>\n\n<\/div><div class=\"modula-item effect-pufrobo\" >\n\t<div class=\"modula-item-overlay\"><\/div>\n\n\t<div class=\"modula-item-content\">\n\n\t\t\t\t\n\t\t\t\t\t<a data-image-id=\"108375\" role=\"button\" tabindex=\"0\" rel=\"jtg-108368\" data-caption=\"\" aria-label=\"Open image in lightbox\" class=\"tile-inner modula-item-link\"><\/a>\n\t\t\n\t\t<img loading=\"lazy\" decoding=\"async\" class=\"pic wp-image-108375\"  data-valign=\"middle\" data-halign=\"center\" alt=\"\" data-full=\"https:\/\/parqueriomartin.com\/wp-content\/uploads\/foto07-noticia-i-jornadas-arquitectura-paisaje-parque-cultural-rio-martin.webp\" title=\"foto07-noticia-i-jornadas-arquitectura-paisaje-parque-cultural-rio-martin\" width=\"1024\" height=\"813\" src=\"https:\/\/parqueriomartin.com\/wp-content\/uploads\/foto07-noticia-i-jornadas-arquitectura-paisaje-parque-cultural-rio-martin-1024x813.webp\" data-src=\"https:\/\/parqueriomartin.com\/wp-content\/uploads\/foto07-noticia-i-jornadas-arquitectura-paisaje-parque-cultural-rio-martin-1024x813.webp\" data-caption=\"\" srcset=\"https:\/\/parqueriomartin.com\/wp-content\/uploads\/foto07-noticia-i-jornadas-arquitectura-paisaje-parque-cultural-rio-martin.webp 1024w, https:\/\/parqueriomartin.com\/wp-content\/uploads\/foto07-noticia-i-jornadas-arquitectura-paisaje-parque-cultural-rio-martin-980x778.webp 980w, https:\/\/parqueriomartin.com\/wp-content\/uploads\/foto07-noticia-i-jornadas-arquitectura-paisaje-parque-cultural-rio-martin-480x381.webp 480w\" sizes=\"(min-width: 0px) and (max-width: 480px) 480px, (min-width: 481px) and (max-width: 980px) 980px, (min-width: 981px) 1024px, 100vw\" \/>\n\t\t<div class=\"figc no-description\">\n\t\t\t<div class=\"figc-inner\">\n\t\t\t\t\t\t\t\t\t\t\t\t\t\t\t<\/div>\n\t\t<\/div>\n\n\t<\/div>\n\n<\/div><div class=\"modula-item effect-pufrobo\" >\n\t<div class=\"modula-item-overlay\"><\/div>\n\n\t<div class=\"modula-item-content\">\n\n\t\t\t\t\n\t\t\t\t\t<a data-image-id=\"108378\" role=\"button\" tabindex=\"0\" rel=\"jtg-108368\" data-caption=\"\" aria-label=\"Open image in lightbox\" class=\"tile-inner modula-item-link\"><\/a>\n\t\t\n\t\t<img loading=\"lazy\" decoding=\"async\" class=\"pic wp-image-108378\"  data-valign=\"middle\" data-halign=\"center\" alt=\"\" data-full=\"https:\/\/parqueriomartin.com\/wp-content\/uploads\/foto08-noticia-i-jornadas-arquitectura-paisaje-parque-cultural-rio-martin.webp\" title=\"foto08-noticia-i-jornadas-arquitectura-paisaje-parque-cultural-rio-martin\" width=\"1024\" height=\"768\" src=\"https:\/\/parqueriomartin.com\/wp-content\/uploads\/foto08-noticia-i-jornadas-arquitectura-paisaje-parque-cultural-rio-martin-1024x768.webp\" data-src=\"https:\/\/parqueriomartin.com\/wp-content\/uploads\/foto08-noticia-i-jornadas-arquitectura-paisaje-parque-cultural-rio-martin-1024x768.webp\" data-caption=\"\" srcset=\"https:\/\/parqueriomartin.com\/wp-content\/uploads\/foto08-noticia-i-jornadas-arquitectura-paisaje-parque-cultural-rio-martin.webp 1024w, https:\/\/parqueriomartin.com\/wp-content\/uploads\/foto08-noticia-i-jornadas-arquitectura-paisaje-parque-cultural-rio-martin-980x735.webp 980w, https:\/\/parqueriomartin.com\/wp-content\/uploads\/foto08-noticia-i-jornadas-arquitectura-paisaje-parque-cultural-rio-martin-480x360.webp 480w\" sizes=\"(min-width: 0px) and (max-width: 480px) 480px, (min-width: 481px) and (max-width: 980px) 980px, (min-width: 981px) 1024px, 100vw\" \/>\n\t\t<div class=\"figc no-description\">\n\t\t\t<div class=\"figc-inner\">\n\t\t\t\t\t\t\t\t\t\t\t\t\t\t\t<\/div>\n\t\t<\/div>\n\n\t<\/div>\n\n<\/div><div class=\"modula-item effect-pufrobo\" >\n\t<div class=\"modula-item-overlay\"><\/div>\n\n\t<div class=\"modula-item-content\">\n\n\t\t\t\t\n\t\t\t\t\t<a data-image-id=\"108381\" role=\"button\" tabindex=\"0\" rel=\"jtg-108368\" data-caption=\"\" aria-label=\"Open image in lightbox\" class=\"tile-inner modula-item-link\"><\/a>\n\t\t\n\t\t<img loading=\"lazy\" decoding=\"async\" class=\"pic wp-image-108381\"  data-valign=\"middle\" data-halign=\"center\" alt=\"\" data-full=\"https:\/\/parqueriomartin.com\/wp-content\/uploads\/foto01-noticia-i-jornadas-arquitectura-paisaje-parque-cultural-rio-martin.webp\" title=\"foto01-noticia-i-jornadas-arquitectura-paisaje-parque-cultural-rio-martin\" width=\"1024\" height=\"768\" src=\"https:\/\/parqueriomartin.com\/wp-content\/uploads\/foto01-noticia-i-jornadas-arquitectura-paisaje-parque-cultural-rio-martin-1024x768.webp\" data-src=\"https:\/\/parqueriomartin.com\/wp-content\/uploads\/foto01-noticia-i-jornadas-arquitectura-paisaje-parque-cultural-rio-martin-1024x768.webp\" data-caption=\"\" srcset=\"https:\/\/parqueriomartin.com\/wp-content\/uploads\/foto01-noticia-i-jornadas-arquitectura-paisaje-parque-cultural-rio-martin.webp 1024w, https:\/\/parqueriomartin.com\/wp-content\/uploads\/foto01-noticia-i-jornadas-arquitectura-paisaje-parque-cultural-rio-martin-980x735.webp 980w, https:\/\/parqueriomartin.com\/wp-content\/uploads\/foto01-noticia-i-jornadas-arquitectura-paisaje-parque-cultural-rio-martin-480x360.webp 480w\" sizes=\"(min-width: 0px) and (max-width: 480px) 480px, (min-width: 481px) and (max-width: 980px) 980px, (min-width: 981px) 1024px, 100vw\" \/>\n\t\t<div class=\"figc no-description\">\n\t\t\t<div class=\"figc-inner\">\n\t\t\t\t\t\t\t\t\t\t\t\t\t\t\t<\/div>\n\t\t<\/div>\n\n\t<\/div>\n\n<\/div><div class=\"modula-item effect-pufrobo\" >\n\t<div class=\"modula-item-overlay\"><\/div>\n\n\t<div class=\"modula-item-content\">\n\n\t\t\t\t\n\t\t\t\t\t<a data-image-id=\"108384\" role=\"button\" tabindex=\"0\" rel=\"jtg-108368\" data-caption=\"\" aria-label=\"Open image in lightbox\" class=\"tile-inner modula-item-link\"><\/a>\n\t\t\n\t\t<img loading=\"lazy\" decoding=\"async\" class=\"pic wp-image-108384\"  data-valign=\"middle\" data-halign=\"center\" alt=\"\" data-full=\"https:\/\/parqueriomartin.com\/wp-content\/uploads\/foto02-noticia-i-jornadas-arquitectura-paisaje-parque-cultural-rio-martin.webp\" title=\"foto02-noticia-i-jornadas-arquitectura-paisaje-parque-cultural-rio-martin\" width=\"1024\" height=\"768\" src=\"https:\/\/parqueriomartin.com\/wp-content\/uploads\/foto02-noticia-i-jornadas-arquitectura-paisaje-parque-cultural-rio-martin-1024x768.webp\" data-src=\"https:\/\/parqueriomartin.com\/wp-content\/uploads\/foto02-noticia-i-jornadas-arquitectura-paisaje-parque-cultural-rio-martin-1024x768.webp\" data-caption=\"\" srcset=\"https:\/\/parqueriomartin.com\/wp-content\/uploads\/foto02-noticia-i-jornadas-arquitectura-paisaje-parque-cultural-rio-martin.webp 1024w, https:\/\/parqueriomartin.com\/wp-content\/uploads\/foto02-noticia-i-jornadas-arquitectura-paisaje-parque-cultural-rio-martin-980x735.webp 980w, https:\/\/parqueriomartin.com\/wp-content\/uploads\/foto02-noticia-i-jornadas-arquitectura-paisaje-parque-cultural-rio-martin-480x360.webp 480w\" sizes=\"(min-width: 0px) and (max-width: 480px) 480px, (min-width: 481px) and (max-width: 980px) 980px, (min-width: 981px) 1024px, 100vw\" \/>\n\t\t<div class=\"figc no-description\">\n\t\t\t<div class=\"figc-inner\">\n\t\t\t\t\t\t\t\t\t\t\t\t\t\t\t<\/div>\n\t\t<\/div>\n\n\t<\/div>\n\n<\/div><div class=\"modula-item effect-pufrobo\" >\n\t<div class=\"modula-item-overlay\"><\/div>\n\n\t<div class=\"modula-item-content\">\n\n\t\t\t\t\n\t\t\t\t\t<a data-image-id=\"108387\" role=\"button\" tabindex=\"0\" rel=\"jtg-108368\" data-caption=\"\" aria-label=\"Open image in lightbox\" class=\"tile-inner modula-item-link\"><\/a>\n\t\t\n\t\t<img loading=\"lazy\" decoding=\"async\" class=\"pic wp-image-108387\"  data-valign=\"middle\" data-halign=\"center\" alt=\"\" data-full=\"https:\/\/parqueriomartin.com\/wp-content\/uploads\/foto03-noticia-i-jornadas-arquitectura-paisaje-parque-cultural-rio-martin.webp\" title=\"foto03-noticia-i-jornadas-arquitectura-paisaje-parque-cultural-rio-martin\" width=\"1024\" height=\"729\" src=\"https:\/\/parqueriomartin.com\/wp-content\/uploads\/foto03-noticia-i-jornadas-arquitectura-paisaje-parque-cultural-rio-martin-1024x729.webp\" data-src=\"https:\/\/parqueriomartin.com\/wp-content\/uploads\/foto03-noticia-i-jornadas-arquitectura-paisaje-parque-cultural-rio-martin-1024x729.webp\" data-caption=\"\" srcset=\"https:\/\/parqueriomartin.com\/wp-content\/uploads\/foto03-noticia-i-jornadas-arquitectura-paisaje-parque-cultural-rio-martin.webp 1024w, https:\/\/parqueriomartin.com\/wp-content\/uploads\/foto03-noticia-i-jornadas-arquitectura-paisaje-parque-cultural-rio-martin-980x698.webp 980w, https:\/\/parqueriomartin.com\/wp-content\/uploads\/foto03-noticia-i-jornadas-arquitectura-paisaje-parque-cultural-rio-martin-480x342.webp 480w\" sizes=\"(min-width: 0px) and (max-width: 480px) 480px, (min-width: 481px) and (max-width: 980px) 980px, (min-width: 981px) 1024px, 100vw\" \/>\n\t\t<div class=\"figc no-description\">\n\t\t\t<div class=\"figc-inner\">\n\t\t\t\t\t\t\t\t\t\t\t\t\t\t\t<\/div>\n\t\t<\/div>\n\n\t<\/div>\n\n<\/div><div class=\"modula-item effect-pufrobo\" >\n\t<div class=\"modula-item-overlay\"><\/div>\n\n\t<div class=\"modula-item-content\">\n\n\t\t\t\t\n\t\t\t\t\t<a data-image-id=\"108390\" role=\"button\" tabindex=\"0\" rel=\"jtg-108368\" data-caption=\"\" aria-label=\"Open image in lightbox\" class=\"tile-inner modula-item-link\"><\/a>\n\t\t\n\t\t<img loading=\"lazy\" decoding=\"async\" class=\"pic wp-image-108390\"  data-valign=\"middle\" data-halign=\"center\" alt=\"\" data-full=\"https:\/\/parqueriomartin.com\/wp-content\/uploads\/foto04-noticia-i-jornadas-arquitectura-paisaje-parque-cultural-rio-martin.webp\" title=\"foto04-noticia-i-jornadas-arquitectura-paisaje-parque-cultural-rio-martin\" width=\"1024\" height=\"553\" src=\"https:\/\/parqueriomartin.com\/wp-content\/uploads\/foto04-noticia-i-jornadas-arquitectura-paisaje-parque-cultural-rio-martin-1024x553.webp\" data-src=\"https:\/\/parqueriomartin.com\/wp-content\/uploads\/foto04-noticia-i-jornadas-arquitectura-paisaje-parque-cultural-rio-martin-1024x553.webp\" data-caption=\"\" srcset=\"https:\/\/parqueriomartin.com\/wp-content\/uploads\/foto04-noticia-i-jornadas-arquitectura-paisaje-parque-cultural-rio-martin-980x529.webp 980w, https:\/\/parqueriomartin.com\/wp-content\/uploads\/foto04-noticia-i-jornadas-arquitectura-paisaje-parque-cultural-rio-martin-480x259.webp 480w\" sizes=\"(min-width: 0px) and (max-width: 480px) 480px, (min-width: 481px) and (max-width: 980px) 980px, (min-width: 981px) 1024px, 100vw\" \/>\n\t\t<div class=\"figc no-description\">\n\t\t\t<div class=\"figc-inner\">\n\t\t\t\t\t\t\t\t\t\t\t\t\t\t\t<\/div>\n\t\t<\/div>\n\n\t<\/div>\n\n<\/div>\t\t\n\t<\/div>\n\n\t\n\t\n\t<script type=\"application\/ld+json\">\n\t{\n\t\t\"@context\": \"http:\/\/schema.org\",\n\t\t\"@type\"   : \"ImageGallery\",\n\t\t\"id\"      : \"https:\/\/parqueriomartin.com\/en\/the-first-conference-on-architecture-and-landscape-at-the-initiative-of-the-european-program-becultour-of-the-provincial-council-of-teruel-and-the-cultural-park-of-the-martin-river-ended\/\",\n\t\t\"url\"     : \"https:\/\/parqueriomartin.com\/en\/the-first-conference-on-architecture-and-landscape-at-the-initiative-of-the-european-program-becultour-of-the-provincial-council-of-teruel-and-the-cultural-park-of-the-martin-river-ended\/\"\n\t}\n\n\t<\/script>\n\n\t\n<\/div>\n\n","protected":false},"excerpt":{"rendered":"<p>Two intense weekends, with lectures, interpretative routes, and practical work in which fifty people participated, including those registered for the conference and local volunteers, who have focused their efforts on the recovery of the small causeway or retaining wall of land and separation or &#8220;border&#8221; of the paved threshing floors, now abandoned. One of the [&hellip;]<\/p>\n","protected":false},"author":1,"featured_media":108394,"comment_status":"closed","ping_status":"closed","sticky":false,"template":"","format":"standard","meta":{"_acf_changed":false,"_et_pb_use_builder":"","_et_pb_old_content":"","_et_gb_content_width":"","footnotes":""},"categories":[51],"tags":[],"categorias_tipos":[113],"acf":[],"yoast_head":"<!-- This site is optimized with the Yoast SEO plugin v22.5 - https:\/\/yoast.com\/wordpress\/plugins\/seo\/ -->\n<title>The First Conference on Architecture and Landscape at the initiative of the European Program Becultour of the Provincial Council of Teruel and the Cultural Park of the Mart\u00edn River ended. - Parque Cultural del R\u00edo Mart\u00edn<\/title>\n<meta name=\"robots\" content=\"index, follow, max-snippet:-1, max-image-preview:large, max-video-preview:-1\" \/>\n<link rel=\"canonical\" href=\"https:\/\/parqueriomartin.com\/en\/the-first-conference-on-architecture-and-landscape-at-the-initiative-of-the-european-program-becultour-of-the-provincial-council-of-teruel-and-the-cultural-park-of-the-martin-river-ended\/\" \/>\n<meta property=\"og:locale\" content=\"en_US\" \/>\n<meta property=\"og:type\" content=\"article\" \/>\n<meta property=\"og:title\" content=\"The First Conference on Architecture and Landscape at the initiative of the European Program Becultour of the Provincial Council of Teruel and the Cultural Park of the Mart\u00edn River ended. - Parque Cultural del R\u00edo Mart\u00edn\" \/>\n<meta property=\"og:description\" content=\"Two intense weekends, with lectures, interpretative routes, and practical work in which fifty people participated, including those registered for the conference and local volunteers, who have focused their efforts on the recovery of the small causeway or retaining wall of land and separation or &#8220;border&#8221; of the paved threshing floors, now abandoned. One of the [&hellip;]\" \/>\n<meta property=\"og:url\" content=\"https:\/\/parqueriomartin.com\/en\/the-first-conference-on-architecture-and-landscape-at-the-initiative-of-the-european-program-becultour-of-the-provincial-council-of-teruel-and-the-cultural-park-of-the-martin-river-ended\/\" \/>\n<meta property=\"og:site_name\" content=\"Parque Cultural del R\u00edo Mart\u00edn\" \/>\n<meta property=\"article:published_time\" content=\"2023-11-20T16:39:53+00:00\" \/>\n<meta property=\"og:image\" content=\"https:\/\/parqueriomartin.com\/wp-content\/uploads\/foto-noticia-i-jornadas-arquitectura-paisaje-parque-cultural-rio-martin.webp\" \/>\n\t<meta property=\"og:image:width\" content=\"1200\" \/>\n\t<meta property=\"og:image:height\" content=\"610\" \/>\n\t<meta property=\"og:image:type\" content=\"image\/webp\" \/>\n<meta name=\"author\" content=\"sedinet\" \/>\n<meta name=\"twitter:card\" content=\"summary_large_image\" \/>\n<meta name=\"twitter:label1\" content=\"Written by\" \/>\n\t<meta name=\"twitter:data1\" content=\"sedinet\" \/>\n\t<meta name=\"twitter:label2\" content=\"Est. reading time\" \/>\n\t<meta name=\"twitter:data2\" content=\"1 minute\" \/>\n<script type=\"application\/ld+json\" class=\"yoast-schema-graph\">{\"@context\":\"https:\/\/schema.org\",\"@graph\":[{\"@type\":\"WebPage\",\"@id\":\"https:\/\/parqueriomartin.com\/en\/the-first-conference-on-architecture-and-landscape-at-the-initiative-of-the-european-program-becultour-of-the-provincial-council-of-teruel-and-the-cultural-park-of-the-martin-river-ended\/\",\"url\":\"https:\/\/parqueriomartin.com\/en\/the-first-conference-on-architecture-and-landscape-at-the-initiative-of-the-european-program-becultour-of-the-provincial-council-of-teruel-and-the-cultural-park-of-the-martin-river-ended\/\",\"name\":\"The First Conference on Architecture and Landscape at the initiative of the European Program Becultour of the Provincial Council of Teruel and the Cultural Park of the Mart\u00edn River ended. - Parque Cultural del R\u00edo Mart\u00edn\",\"isPartOf\":{\"@id\":\"https:\/\/parqueriomartin.com\/en\/#website\"},\"primaryImageOfPage\":{\"@id\":\"https:\/\/parqueriomartin.com\/en\/the-first-conference-on-architecture-and-landscape-at-the-initiative-of-the-european-program-becultour-of-the-provincial-council-of-teruel-and-the-cultural-park-of-the-martin-river-ended\/#primaryimage\"},\"image\":{\"@id\":\"https:\/\/parqueriomartin.com\/en\/the-first-conference-on-architecture-and-landscape-at-the-initiative-of-the-european-program-becultour-of-the-provincial-council-of-teruel-and-the-cultural-park-of-the-martin-river-ended\/#primaryimage\"},\"thumbnailUrl\":\"https:\/\/parqueriomartin.com\/wp-content\/uploads\/foto-noticia-i-jornadas-arquitectura-paisaje-parque-cultural-rio-martin.webp\",\"datePublished\":\"2023-11-20T16:39:53+00:00\",\"dateModified\":\"2023-11-20T16:39:53+00:00\",\"author\":{\"@id\":\"https:\/\/parqueriomartin.com\/en\/#\/schema\/person\/17a5181f0a3b723d86bb41efa9bfc8f2\"},\"breadcrumb\":{\"@id\":\"https:\/\/parqueriomartin.com\/en\/the-first-conference-on-architecture-and-landscape-at-the-initiative-of-the-european-program-becultour-of-the-provincial-council-of-teruel-and-the-cultural-park-of-the-martin-river-ended\/#breadcrumb\"},\"inLanguage\":\"en-US\",\"potentialAction\":[{\"@type\":\"ReadAction\",\"target\":[\"https:\/\/parqueriomartin.com\/en\/the-first-conference-on-architecture-and-landscape-at-the-initiative-of-the-european-program-becultour-of-the-provincial-council-of-teruel-and-the-cultural-park-of-the-martin-river-ended\/\"]}]},{\"@type\":\"ImageObject\",\"inLanguage\":\"en-US\",\"@id\":\"https:\/\/parqueriomartin.com\/en\/the-first-conference-on-architecture-and-landscape-at-the-initiative-of-the-european-program-becultour-of-the-provincial-council-of-teruel-and-the-cultural-park-of-the-martin-river-ended\/#primaryimage\",\"url\":\"https:\/\/parqueriomartin.com\/wp-content\/uploads\/foto-noticia-i-jornadas-arquitectura-paisaje-parque-cultural-rio-martin.webp\",\"contentUrl\":\"https:\/\/parqueriomartin.com\/wp-content\/uploads\/foto-noticia-i-jornadas-arquitectura-paisaje-parque-cultural-rio-martin.webp\",\"width\":1200,\"height\":610},{\"@type\":\"BreadcrumbList\",\"@id\":\"https:\/\/parqueriomartin.com\/en\/the-first-conference-on-architecture-and-landscape-at-the-initiative-of-the-european-program-becultour-of-the-provincial-council-of-teruel-and-the-cultural-park-of-the-martin-river-ended\/#breadcrumb\",\"itemListElement\":[{\"@type\":\"ListItem\",\"position\":1,\"name\":\"Portada\",\"item\":\"https:\/\/parqueriomartin.com\/en\/home\/\"},{\"@type\":\"ListItem\",\"position\":2,\"name\":\"The First Conference on Architecture and Landscape at the initiative of the European Program Becultour of the Provincial Council of Teruel and the Cultural Park of the Mart\u00edn River ended.\"}]},{\"@type\":\"WebSite\",\"@id\":\"https:\/\/parqueriomartin.com\/en\/#website\",\"url\":\"https:\/\/parqueriomartin.com\/en\/\",\"name\":\"Parque Cultural del R\u00edo Mart\u00edn\",\"description\":\"Conoce los pueblos, las rutas, los centros de interpretaci\u00f3n, las gentes... del Parque Cultural del R\u00edo Mart\u00edn\",\"potentialAction\":[{\"@type\":\"SearchAction\",\"target\":{\"@type\":\"EntryPoint\",\"urlTemplate\":\"https:\/\/parqueriomartin.com\/en\/?s={search_term_string}\"},\"query-input\":\"required name=search_term_string\"}],\"inLanguage\":\"en-US\"},{\"@type\":\"Person\",\"@id\":\"https:\/\/parqueriomartin.com\/en\/#\/schema\/person\/17a5181f0a3b723d86bb41efa9bfc8f2\",\"name\":\"sedinet\",\"image\":{\"@type\":\"ImageObject\",\"inLanguage\":\"en-US\",\"@id\":\"https:\/\/parqueriomartin.com\/en\/#\/schema\/person\/image\/\",\"url\":\"https:\/\/secure.gravatar.com\/avatar\/ad522901455cb1834b7fb0cf8bbe4a42?s=96&d=mm&r=g\",\"contentUrl\":\"https:\/\/secure.gravatar.com\/avatar\/ad522901455cb1834b7fb0cf8bbe4a42?s=96&d=mm&r=g\",\"caption\":\"sedinet\"},\"sameAs\":[\"https:\/\/parqueriomartin.com\"],\"url\":\"https:\/\/parqueriomartin.com\/en\/author\/sedinet\/\"}]}<\/script>\n<!-- \/ Yoast SEO plugin. -->","yoast_head_json":{"title":"The First Conference on Architecture and Landscape at the initiative of the European Program Becultour of the Provincial Council of Teruel and the Cultural Park of the Mart\u00edn River ended. - Parque Cultural del R\u00edo Mart\u00edn","robots":{"index":"index","follow":"follow","max-snippet":"max-snippet:-1","max-image-preview":"max-image-preview:large","max-video-preview":"max-video-preview:-1"},"canonical":"https:\/\/parqueriomartin.com\/en\/the-first-conference-on-architecture-and-landscape-at-the-initiative-of-the-european-program-becultour-of-the-provincial-council-of-teruel-and-the-cultural-park-of-the-martin-river-ended\/","og_locale":"en_US","og_type":"article","og_title":"The First Conference on Architecture and Landscape at the initiative of the European Program Becultour of the Provincial Council of Teruel and the Cultural Park of the Mart\u00edn River ended. - Parque Cultural del R\u00edo Mart\u00edn","og_description":"Two intense weekends, with lectures, interpretative routes, and practical work in which fifty people participated, including those registered for the conference and local volunteers, who have focused their efforts on the recovery of the small causeway or retaining wall of land and separation or &#8220;border&#8221; of the paved threshing floors, now abandoned. One of the [&hellip;]","og_url":"https:\/\/parqueriomartin.com\/en\/the-first-conference-on-architecture-and-landscape-at-the-initiative-of-the-european-program-becultour-of-the-provincial-council-of-teruel-and-the-cultural-park-of-the-martin-river-ended\/","og_site_name":"Parque Cultural del R\u00edo Mart\u00edn","article_published_time":"2023-11-20T16:39:53+00:00","og_image":[{"width":1200,"height":610,"url":"https:\/\/parqueriomartin.com\/wp-content\/uploads\/foto-noticia-i-jornadas-arquitectura-paisaje-parque-cultural-rio-martin.webp","type":"image\/webp"}],"author":"sedinet","twitter_card":"summary_large_image","twitter_misc":{"Written by":"sedinet","Est. reading time":"1 minute"},"schema":{"@context":"https:\/\/schema.org","@graph":[{"@type":"WebPage","@id":"https:\/\/parqueriomartin.com\/en\/the-first-conference-on-architecture-and-landscape-at-the-initiative-of-the-european-program-becultour-of-the-provincial-council-of-teruel-and-the-cultural-park-of-the-martin-river-ended\/","url":"https:\/\/parqueriomartin.com\/en\/the-first-conference-on-architecture-and-landscape-at-the-initiative-of-the-european-program-becultour-of-the-provincial-council-of-teruel-and-the-cultural-park-of-the-martin-river-ended\/","name":"The First Conference on Architecture and Landscape at the initiative of the European Program Becultour of the Provincial Council of Teruel and the Cultural Park of the Mart\u00edn River ended. - Parque Cultural del R\u00edo Mart\u00edn","isPartOf":{"@id":"https:\/\/parqueriomartin.com\/en\/#website"},"primaryImageOfPage":{"@id":"https:\/\/parqueriomartin.com\/en\/the-first-conference-on-architecture-and-landscape-at-the-initiative-of-the-european-program-becultour-of-the-provincial-council-of-teruel-and-the-cultural-park-of-the-martin-river-ended\/#primaryimage"},"image":{"@id":"https:\/\/parqueriomartin.com\/en\/the-first-conference-on-architecture-and-landscape-at-the-initiative-of-the-european-program-becultour-of-the-provincial-council-of-teruel-and-the-cultural-park-of-the-martin-river-ended\/#primaryimage"},"thumbnailUrl":"https:\/\/parqueriomartin.com\/wp-content\/uploads\/foto-noticia-i-jornadas-arquitectura-paisaje-parque-cultural-rio-martin.webp","datePublished":"2023-11-20T16:39:53+00:00","dateModified":"2023-11-20T16:39:53+00:00","author":{"@id":"https:\/\/parqueriomartin.com\/en\/#\/schema\/person\/17a5181f0a3b723d86bb41efa9bfc8f2"},"breadcrumb":{"@id":"https:\/\/parqueriomartin.com\/en\/the-first-conference-on-architecture-and-landscape-at-the-initiative-of-the-european-program-becultour-of-the-provincial-council-of-teruel-and-the-cultural-park-of-the-martin-river-ended\/#breadcrumb"},"inLanguage":"en-US","potentialAction":[{"@type":"ReadAction","target":["https:\/\/parqueriomartin.com\/en\/the-first-conference-on-architecture-and-landscape-at-the-initiative-of-the-european-program-becultour-of-the-provincial-council-of-teruel-and-the-cultural-park-of-the-martin-river-ended\/"]}]},{"@type":"ImageObject","inLanguage":"en-US","@id":"https:\/\/parqueriomartin.com\/en\/the-first-conference-on-architecture-and-landscape-at-the-initiative-of-the-european-program-becultour-of-the-provincial-council-of-teruel-and-the-cultural-park-of-the-martin-river-ended\/#primaryimage","url":"https:\/\/parqueriomartin.com\/wp-content\/uploads\/foto-noticia-i-jornadas-arquitectura-paisaje-parque-cultural-rio-martin.webp","contentUrl":"https:\/\/parqueriomartin.com\/wp-content\/uploads\/foto-noticia-i-jornadas-arquitectura-paisaje-parque-cultural-rio-martin.webp","width":1200,"height":610},{"@type":"BreadcrumbList","@id":"https:\/\/parqueriomartin.com\/en\/the-first-conference-on-architecture-and-landscape-at-the-initiative-of-the-european-program-becultour-of-the-provincial-council-of-teruel-and-the-cultural-park-of-the-martin-river-ended\/#breadcrumb","itemListElement":[{"@type":"ListItem","position":1,"name":"Portada","item":"https:\/\/parqueriomartin.com\/en\/home\/"},{"@type":"ListItem","position":2,"name":"The First Conference on Architecture and Landscape at the initiative of the European Program Becultour of the Provincial Council of Teruel and the Cultural Park of the Mart\u00edn River ended."}]},{"@type":"WebSite","@id":"https:\/\/parqueriomartin.com\/en\/#website","url":"https:\/\/parqueriomartin.com\/en\/","name":"Parque Cultural del R\u00edo Mart\u00edn","description":"Conoce los pueblos, las rutas, los centros de interpretaci\u00f3n, las gentes... del Parque Cultural del R\u00edo Mart\u00edn","potentialAction":[{"@type":"SearchAction","target":{"@type":"EntryPoint","urlTemplate":"https:\/\/parqueriomartin.com\/en\/?s={search_term_string}"},"query-input":"required name=search_term_string"}],"inLanguage":"en-US"},{"@type":"Person","@id":"https:\/\/parqueriomartin.com\/en\/#\/schema\/person\/17a5181f0a3b723d86bb41efa9bfc8f2","name":"sedinet","image":{"@type":"ImageObject","inLanguage":"en-US","@id":"https:\/\/parqueriomartin.com\/en\/#\/schema\/person\/image\/","url":"https:\/\/secure.gravatar.com\/avatar\/ad522901455cb1834b7fb0cf8bbe4a42?s=96&d=mm&r=g","contentUrl":"https:\/\/secure.gravatar.com\/avatar\/ad522901455cb1834b7fb0cf8bbe4a42?s=96&d=mm&r=g","caption":"sedinet"},"sameAs":["https:\/\/parqueriomartin.com"],"url":"https:\/\/parqueriomartin.com\/en\/author\/sedinet\/"}]}},"_links":{"self":[{"href":"https:\/\/parqueriomartin.com\/en\/wp-json\/wp\/v2\/posts\/108398"}],"collection":[{"href":"https:\/\/parqueriomartin.com\/en\/wp-json\/wp\/v2\/posts"}],"about":[{"href":"https:\/\/parqueriomartin.com\/en\/wp-json\/wp\/v2\/types\/post"}],"author":[{"embeddable":true,"href":"https:\/\/parqueriomartin.com\/en\/wp-json\/wp\/v2\/users\/1"}],"replies":[{"embeddable":true,"href":"https:\/\/parqueriomartin.com\/en\/wp-json\/wp\/v2\/comments?post=108398"}],"version-history":[{"count":0,"href":"https:\/\/parqueriomartin.com\/en\/wp-json\/wp\/v2\/posts\/108398\/revisions"}],"wp:featuredmedia":[{"embeddable":true,"href":"https:\/\/parqueriomartin.com\/en\/wp-json\/wp\/v2\/media\/108394"}],"wp:attachment":[{"href":"https:\/\/parqueriomartin.com\/en\/wp-json\/wp\/v2\/media?parent=108398"}],"wp:term":[{"taxonomy":"category","embeddable":true,"href":"https:\/\/parqueriomartin.com\/en\/wp-json\/wp\/v2\/categories?post=108398"},{"taxonomy":"post_tag","embeddable":true,"href":"https:\/\/parqueriomartin.com\/en\/wp-json\/wp\/v2\/tags?post=108398"},{"taxonomy":"categorias_tipos","embeddable":true,"href":"https:\/\/parqueriomartin.com\/en\/wp-json\/wp\/v2\/categorias_tipos?post=108398"}],"curies":[{"name":"wp","href":"https:\/\/api.w.org\/{rel}","templated":true}]}}