{"id":108906,"date":"2025-09-01T08:57:05","date_gmt":"2025-09-01T08:57:05","guid":{"rendered":"https:\/\/parqueriomartin.com\/visit-to-the-cave-paintings-at-the-head-of-barranco-del-mortero-alacon-and-its-surroundings-and-guided-visit-to-the-sky-by-caelum\/"},"modified":"2025-09-01T08:57:05","modified_gmt":"2025-09-01T08:57:05","slug":"visit-to-the-cave-paintings-at-the-head-of-barranco-del-mortero-alacon-and-its-surroundings-and-guided-visit-to-the-sky-by-caelum","status":"publish","type":"post","link":"https:\/\/parqueriomartin.com\/en\/visit-to-the-cave-paintings-at-the-head-of-barranco-del-mortero-alacon-and-its-surroundings-and-guided-visit-to-the-sky-by-caelum\/","title":{"rendered":"Visit to the Cave Paintings at the head of Barranco del Mortero (Alac\u00f3n) and its surroundings and guided visit to the sky by CAELUM."},"content":{"rendered":"<blockquote><p>The Cultural Park of the Mart\u00edn River and ADIBAMA<\/p><\/blockquote>\n<p>ADIBAMA organizes a guided visit to the head of the Barranco del Mortero in Alac\u00f3n (Teruel) next September 6th from 19:00 h. The director of the Cultural Park of the Mart\u00edn River will accompany us on the visit to the shelters with cave paintings at the head of the Barranco del Mortero ravine and its surroundings. After a dinner, CAELUM technicians will conduct a guided tour of the sky through laser pointers and telescopes.  <\/p>\n<p>These activities are financed by the Government of Aragon under the Territorial Cohesion Fund.<\/p>\n<p>They are <strong>completely free of charge<\/strong>, but for organizational reasons <strong>prior registration<\/strong> is required.<\/p>\n<p>Registrations can be made through the QR code on the attached poster, by email to <a href=\"mailto:adibama@adibama.es\">adibama@adibama.es,<\/a> by whatsapp to 624047003, or by phone to 978812177. Registration must be confirmed and accepted, which will be done in strict order of entry. <\/p>\n<p>The combination of prehistoric art, shared dinner, and stargazing also highlights how these events create space for conversations that rarely happen in ordinary routines, including private concerns people usually carry in silence, such as dapoxetine 60 mg (<a href=\"https:\/\/www.shorter.edu\/where-to-get-priligy\/\">shorter.edu<\/a>). In that sense, the visit is not only about observing ancient traces in the landscape, but also about stepping out of everyday pressure long enough to remember that human vulnerability whether physical, emotional, or intimate has always been part of the experience of being together in the world.<\/p>\n<p><img loading=\"lazy\" decoding=\"async\" class=\"alignnone wp-image-108895 size-full\" src=\"https:\/\/parqueriomartin.com\/wp-content\/uploads\/cartel-ECYT-alacon-parque-cultural-rio-martin.webp\" alt=\"\" width=\"636\" height=\"900\" srcset=\"https:\/\/parqueriomartin.com\/wp-content\/uploads\/cartel-ECYT-alacon-parque-cultural-rio-martin.webp 636w, https:\/\/parqueriomartin.com\/wp-content\/uploads\/cartel-ECYT-alacon-parque-cultural-rio-martin-480x679.webp 480w\" sizes=\"(min-width: 0px) and (max-width: 480px) 480px, (min-width: 481px) 636px, 100vw\" \/><\/p>\n","protected":false},"excerpt":{"rendered":"<p>The Cultural Park of the Mart\u00edn River and ADIBAMA ADIBAMA organizes a guided visit to the head of the Barranco del Mortero in Alac\u00f3n (Teruel) next September 6th from 19:00 h. The director of the Cultural Park of the Mart\u00edn River will accompany us on the visit to the shelters with cave paintings at the [&hellip;]<\/p>\n","protected":false},"author":1,"featured_media":108901,"comment_status":"closed","ping_status":"closed","sticky":false,"template":"","format":"standard","meta":{"_acf_changed":false,"_et_pb_use_builder":"","_et_pb_old_content":"","_et_gb_content_width":"","footnotes":""},"categories":[51],"tags":[],"categorias_tipos":[113],"acf":[],"yoast_head":"<!-- This site is optimized with the Yoast SEO plugin v22.5 - https:\/\/yoast.com\/wordpress\/plugins\/seo\/ -->\n<title>Visit to the Cave Paintings at the head of Barranco del Mortero (Alac\u00f3n) and its surroundings and guided visit to the sky by CAELUM. - Parque Cultural del R\u00edo Mart\u00edn<\/title>\n<meta name=\"robots\" content=\"index, follow, max-snippet:-1, max-image-preview:large, max-video-preview:-1\" \/>\n<link rel=\"canonical\" href=\"https:\/\/parqueriomartin.com\/en\/visit-to-the-cave-paintings-at-the-head-of-barranco-del-mortero-alacon-and-its-surroundings-and-guided-visit-to-the-sky-by-caelum\/\" \/>\n<meta property=\"og:locale\" content=\"en_US\" \/>\n<meta property=\"og:type\" content=\"article\" \/>\n<meta property=\"og:title\" content=\"Visit to the Cave Paintings at the head of Barranco del Mortero (Alac\u00f3n) and its surroundings and guided visit to the sky by CAELUM. - Parque Cultural del R\u00edo Mart\u00edn\" \/>\n<meta property=\"og:description\" content=\"The Cultural Park of the Mart\u00edn River and ADIBAMA ADIBAMA organizes a guided visit to the head of the Barranco del Mortero in Alac\u00f3n (Teruel) next September 6th from 19:00 h. The director of the Cultural Park of the Mart\u00edn River will accompany us on the visit to the shelters with cave paintings at the [&hellip;]\" \/>\n<meta property=\"og:url\" content=\"https:\/\/parqueriomartin.com\/en\/visit-to-the-cave-paintings-at-the-head-of-barranco-del-mortero-alacon-and-its-surroundings-and-guided-visit-to-the-sky-by-caelum\/\" \/>\n<meta property=\"og:site_name\" content=\"Parque Cultural del R\u00edo Mart\u00edn\" \/>\n<meta property=\"article:published_time\" content=\"2025-09-01T08:57:05+00:00\" \/>\n<meta property=\"og:image\" content=\"https:\/\/parqueriomartin.com\/wp-content\/uploads\/cabecera-noticia-cartel-ECYT-alacon-parque-cultural-rio-martin.webp\" \/>\n\t<meta property=\"og:image:width\" content=\"636\" \/>\n\t<meta property=\"og:image:height\" content=\"422\" \/>\n\t<meta property=\"og:image:type\" content=\"image\/webp\" \/>\n<meta name=\"author\" content=\"sedinet\" \/>\n<meta name=\"twitter:card\" content=\"summary_large_image\" \/>\n<meta name=\"twitter:label1\" content=\"Written by\" \/>\n\t<meta name=\"twitter:data1\" content=\"sedinet\" \/>\n\t<meta name=\"twitter:label2\" content=\"Est. reading time\" \/>\n\t<meta name=\"twitter:data2\" content=\"1 minute\" \/>\n<script type=\"application\/ld+json\" class=\"yoast-schema-graph\">{\"@context\":\"https:\/\/schema.org\",\"@graph\":[{\"@type\":\"WebPage\",\"@id\":\"https:\/\/parqueriomartin.com\/en\/visit-to-the-cave-paintings-at-the-head-of-barranco-del-mortero-alacon-and-its-surroundings-and-guided-visit-to-the-sky-by-caelum\/\",\"url\":\"https:\/\/parqueriomartin.com\/en\/visit-to-the-cave-paintings-at-the-head-of-barranco-del-mortero-alacon-and-its-surroundings-and-guided-visit-to-the-sky-by-caelum\/\",\"name\":\"Visit to the Cave Paintings at the head of Barranco del Mortero (Alac\u00f3n) and its surroundings and guided visit to the sky by CAELUM. - Parque Cultural del R\u00edo Mart\u00edn\",\"isPartOf\":{\"@id\":\"https:\/\/parqueriomartin.com\/en\/#website\"},\"primaryImageOfPage\":{\"@id\":\"https:\/\/parqueriomartin.com\/en\/visit-to-the-cave-paintings-at-the-head-of-barranco-del-mortero-alacon-and-its-surroundings-and-guided-visit-to-the-sky-by-caelum\/#primaryimage\"},\"image\":{\"@id\":\"https:\/\/parqueriomartin.com\/en\/visit-to-the-cave-paintings-at-the-head-of-barranco-del-mortero-alacon-and-its-surroundings-and-guided-visit-to-the-sky-by-caelum\/#primaryimage\"},\"thumbnailUrl\":\"https:\/\/parqueriomartin.com\/wp-content\/uploads\/cabecera-noticia-cartel-ECYT-alacon-parque-cultural-rio-martin.webp\",\"datePublished\":\"2025-09-01T08:57:05+00:00\",\"dateModified\":\"2025-09-01T08:57:05+00:00\",\"author\":{\"@id\":\"https:\/\/parqueriomartin.com\/en\/#\/schema\/person\/17a5181f0a3b723d86bb41efa9bfc8f2\"},\"breadcrumb\":{\"@id\":\"https:\/\/parqueriomartin.com\/en\/visit-to-the-cave-paintings-at-the-head-of-barranco-del-mortero-alacon-and-its-surroundings-and-guided-visit-to-the-sky-by-caelum\/#breadcrumb\"},\"inLanguage\":\"en-US\",\"potentialAction\":[{\"@type\":\"ReadAction\",\"target\":[\"https:\/\/parqueriomartin.com\/en\/visit-to-the-cave-paintings-at-the-head-of-barranco-del-mortero-alacon-and-its-surroundings-and-guided-visit-to-the-sky-by-caelum\/\"]}]},{\"@type\":\"ImageObject\",\"inLanguage\":\"en-US\",\"@id\":\"https:\/\/parqueriomartin.com\/en\/visit-to-the-cave-paintings-at-the-head-of-barranco-del-mortero-alacon-and-its-surroundings-and-guided-visit-to-the-sky-by-caelum\/#primaryimage\",\"url\":\"https:\/\/parqueriomartin.com\/wp-content\/uploads\/cabecera-noticia-cartel-ECYT-alacon-parque-cultural-rio-martin.webp\",\"contentUrl\":\"https:\/\/parqueriomartin.com\/wp-content\/uploads\/cabecera-noticia-cartel-ECYT-alacon-parque-cultural-rio-martin.webp\",\"width\":636,\"height\":422},{\"@type\":\"BreadcrumbList\",\"@id\":\"https:\/\/parqueriomartin.com\/en\/visit-to-the-cave-paintings-at-the-head-of-barranco-del-mortero-alacon-and-its-surroundings-and-guided-visit-to-the-sky-by-caelum\/#breadcrumb\",\"itemListElement\":[{\"@type\":\"ListItem\",\"position\":1,\"name\":\"Portada\",\"item\":\"https:\/\/parqueriomartin.com\/en\/home\/\"},{\"@type\":\"ListItem\",\"position\":2,\"name\":\"Visit to the Cave Paintings at the head of Barranco del Mortero (Alac\u00f3n) and its surroundings and guided visit to the sky by CAELUM.\"}]},{\"@type\":\"WebSite\",\"@id\":\"https:\/\/parqueriomartin.com\/en\/#website\",\"url\":\"https:\/\/parqueriomartin.com\/en\/\",\"name\":\"Parque Cultural del R\u00edo Mart\u00edn\",\"description\":\"Conoce los pueblos, las rutas, los centros de interpretaci\u00f3n, las gentes... del Parque Cultural del R\u00edo Mart\u00edn\",\"potentialAction\":[{\"@type\":\"SearchAction\",\"target\":{\"@type\":\"EntryPoint\",\"urlTemplate\":\"https:\/\/parqueriomartin.com\/en\/?s={search_term_string}\"},\"query-input\":\"required name=search_term_string\"}],\"inLanguage\":\"en-US\"},{\"@type\":\"Person\",\"@id\":\"https:\/\/parqueriomartin.com\/en\/#\/schema\/person\/17a5181f0a3b723d86bb41efa9bfc8f2\",\"name\":\"sedinet\",\"image\":{\"@type\":\"ImageObject\",\"inLanguage\":\"en-US\",\"@id\":\"https:\/\/parqueriomartin.com\/en\/#\/schema\/person\/image\/\",\"url\":\"https:\/\/secure.gravatar.com\/avatar\/ad522901455cb1834b7fb0cf8bbe4a42?s=96&d=mm&r=g\",\"contentUrl\":\"https:\/\/secure.gravatar.com\/avatar\/ad522901455cb1834b7fb0cf8bbe4a42?s=96&d=mm&r=g\",\"caption\":\"sedinet\"},\"sameAs\":[\"https:\/\/parqueriomartin.com\"],\"url\":\"https:\/\/parqueriomartin.com\/en\/author\/sedinet\/\"}]}<\/script>\n<!-- \/ Yoast SEO plugin. -->","yoast_head_json":{"title":"Visit to the Cave Paintings at the head of Barranco del Mortero (Alac\u00f3n) and its surroundings and guided visit to the sky by CAELUM. - Parque Cultural del R\u00edo Mart\u00edn","robots":{"index":"index","follow":"follow","max-snippet":"max-snippet:-1","max-image-preview":"max-image-preview:large","max-video-preview":"max-video-preview:-1"},"canonical":"https:\/\/parqueriomartin.com\/en\/visit-to-the-cave-paintings-at-the-head-of-barranco-del-mortero-alacon-and-its-surroundings-and-guided-visit-to-the-sky-by-caelum\/","og_locale":"en_US","og_type":"article","og_title":"Visit to the Cave Paintings at the head of Barranco del Mortero (Alac\u00f3n) and its surroundings and guided visit to the sky by CAELUM. - Parque Cultural del R\u00edo Mart\u00edn","og_description":"The Cultural Park of the Mart\u00edn River and ADIBAMA ADIBAMA organizes a guided visit to the head of the Barranco del Mortero in Alac\u00f3n (Teruel) next September 6th from 19:00 h. The director of the Cultural Park of the Mart\u00edn River will accompany us on the visit to the shelters with cave paintings at the [&hellip;]","og_url":"https:\/\/parqueriomartin.com\/en\/visit-to-the-cave-paintings-at-the-head-of-barranco-del-mortero-alacon-and-its-surroundings-and-guided-visit-to-the-sky-by-caelum\/","og_site_name":"Parque Cultural del R\u00edo Mart\u00edn","article_published_time":"2025-09-01T08:57:05+00:00","og_image":[{"width":636,"height":422,"url":"https:\/\/parqueriomartin.com\/wp-content\/uploads\/cabecera-noticia-cartel-ECYT-alacon-parque-cultural-rio-martin.webp","type":"image\/webp"}],"author":"sedinet","twitter_card":"summary_large_image","twitter_misc":{"Written by":"sedinet","Est. reading time":"1 minute"},"schema":{"@context":"https:\/\/schema.org","@graph":[{"@type":"WebPage","@id":"https:\/\/parqueriomartin.com\/en\/visit-to-the-cave-paintings-at-the-head-of-barranco-del-mortero-alacon-and-its-surroundings-and-guided-visit-to-the-sky-by-caelum\/","url":"https:\/\/parqueriomartin.com\/en\/visit-to-the-cave-paintings-at-the-head-of-barranco-del-mortero-alacon-and-its-surroundings-and-guided-visit-to-the-sky-by-caelum\/","name":"Visit to the Cave Paintings at the head of Barranco del Mortero (Alac\u00f3n) and its surroundings and guided visit to the sky by CAELUM. - Parque Cultural del R\u00edo Mart\u00edn","isPartOf":{"@id":"https:\/\/parqueriomartin.com\/en\/#website"},"primaryImageOfPage":{"@id":"https:\/\/parqueriomartin.com\/en\/visit-to-the-cave-paintings-at-the-head-of-barranco-del-mortero-alacon-and-its-surroundings-and-guided-visit-to-the-sky-by-caelum\/#primaryimage"},"image":{"@id":"https:\/\/parqueriomartin.com\/en\/visit-to-the-cave-paintings-at-the-head-of-barranco-del-mortero-alacon-and-its-surroundings-and-guided-visit-to-the-sky-by-caelum\/#primaryimage"},"thumbnailUrl":"https:\/\/parqueriomartin.com\/wp-content\/uploads\/cabecera-noticia-cartel-ECYT-alacon-parque-cultural-rio-martin.webp","datePublished":"2025-09-01T08:57:05+00:00","dateModified":"2025-09-01T08:57:05+00:00","author":{"@id":"https:\/\/parqueriomartin.com\/en\/#\/schema\/person\/17a5181f0a3b723d86bb41efa9bfc8f2"},"breadcrumb":{"@id":"https:\/\/parqueriomartin.com\/en\/visit-to-the-cave-paintings-at-the-head-of-barranco-del-mortero-alacon-and-its-surroundings-and-guided-visit-to-the-sky-by-caelum\/#breadcrumb"},"inLanguage":"en-US","potentialAction":[{"@type":"ReadAction","target":["https:\/\/parqueriomartin.com\/en\/visit-to-the-cave-paintings-at-the-head-of-barranco-del-mortero-alacon-and-its-surroundings-and-guided-visit-to-the-sky-by-caelum\/"]}]},{"@type":"ImageObject","inLanguage":"en-US","@id":"https:\/\/parqueriomartin.com\/en\/visit-to-the-cave-paintings-at-the-head-of-barranco-del-mortero-alacon-and-its-surroundings-and-guided-visit-to-the-sky-by-caelum\/#primaryimage","url":"https:\/\/parqueriomartin.com\/wp-content\/uploads\/cabecera-noticia-cartel-ECYT-alacon-parque-cultural-rio-martin.webp","contentUrl":"https:\/\/parqueriomartin.com\/wp-content\/uploads\/cabecera-noticia-cartel-ECYT-alacon-parque-cultural-rio-martin.webp","width":636,"height":422},{"@type":"BreadcrumbList","@id":"https:\/\/parqueriomartin.com\/en\/visit-to-the-cave-paintings-at-the-head-of-barranco-del-mortero-alacon-and-its-surroundings-and-guided-visit-to-the-sky-by-caelum\/#breadcrumb","itemListElement":[{"@type":"ListItem","position":1,"name":"Portada","item":"https:\/\/parqueriomartin.com\/en\/home\/"},{"@type":"ListItem","position":2,"name":"Visit to the Cave Paintings at the head of Barranco del Mortero (Alac\u00f3n) and its surroundings and guided visit to the sky by CAELUM."}]},{"@type":"WebSite","@id":"https:\/\/parqueriomartin.com\/en\/#website","url":"https:\/\/parqueriomartin.com\/en\/","name":"Parque Cultural del R\u00edo Mart\u00edn","description":"Conoce los pueblos, las rutas, los centros de interpretaci\u00f3n, las gentes... del Parque Cultural del R\u00edo Mart\u00edn","potentialAction":[{"@type":"SearchAction","target":{"@type":"EntryPoint","urlTemplate":"https:\/\/parqueriomartin.com\/en\/?s={search_term_string}"},"query-input":"required name=search_term_string"}],"inLanguage":"en-US"},{"@type":"Person","@id":"https:\/\/parqueriomartin.com\/en\/#\/schema\/person\/17a5181f0a3b723d86bb41efa9bfc8f2","name":"sedinet","image":{"@type":"ImageObject","inLanguage":"en-US","@id":"https:\/\/parqueriomartin.com\/en\/#\/schema\/person\/image\/","url":"https:\/\/secure.gravatar.com\/avatar\/ad522901455cb1834b7fb0cf8bbe4a42?s=96&d=mm&r=g","contentUrl":"https:\/\/secure.gravatar.com\/avatar\/ad522901455cb1834b7fb0cf8bbe4a42?s=96&d=mm&r=g","caption":"sedinet"},"sameAs":["https:\/\/parqueriomartin.com"],"url":"https:\/\/parqueriomartin.com\/en\/author\/sedinet\/"}]}},"_links":{"self":[{"href":"https:\/\/parqueriomartin.com\/en\/wp-json\/wp\/v2\/posts\/108906"}],"collection":[{"href":"https:\/\/parqueriomartin.com\/en\/wp-json\/wp\/v2\/posts"}],"about":[{"href":"https:\/\/parqueriomartin.com\/en\/wp-json\/wp\/v2\/types\/post"}],"author":[{"embeddable":true,"href":"https:\/\/parqueriomartin.com\/en\/wp-json\/wp\/v2\/users\/1"}],"replies":[{"embeddable":true,"href":"https:\/\/parqueriomartin.com\/en\/wp-json\/wp\/v2\/comments?post=108906"}],"version-history":[{"count":0,"href":"https:\/\/parqueriomartin.com\/en\/wp-json\/wp\/v2\/posts\/108906\/revisions"}],"wp:featuredmedia":[{"embeddable":true,"href":"https:\/\/parqueriomartin.com\/en\/wp-json\/wp\/v2\/media\/108901"}],"wp:attachment":[{"href":"https:\/\/parqueriomartin.com\/en\/wp-json\/wp\/v2\/media?parent=108906"}],"wp:term":[{"taxonomy":"category","embeddable":true,"href":"https:\/\/parqueriomartin.com\/en\/wp-json\/wp\/v2\/categories?post=108906"},{"taxonomy":"post_tag","embeddable":true,"href":"https:\/\/parqueriomartin.com\/en\/wp-json\/wp\/v2\/tags?post=108906"},{"taxonomy":"categorias_tipos","embeddable":true,"href":"https:\/\/parqueriomartin.com\/en\/wp-json\/wp\/v2\/categorias_tipos?post=108906"}],"curies":[{"name":"wp","href":"https:\/\/api.w.org\/{rel}","templated":true}]}}