{"id":108944,"date":"2025-11-11T09:48:47","date_gmt":"2025-11-11T09:48:47","guid":{"rendered":"https:\/\/parqueriomartin.com\/the-comarca-de-cuencas-mineras-and-the-rio-martin-cultural-park-through-a-collaboration-agreement-consolidate-the-peiron-de-san-antonio-abad-in-penarroyas-montalban\/"},"modified":"2026-03-16T22:10:53","modified_gmt":"2026-03-16T22:10:53","slug":"the-comarca-de-cuencas-mineras-and-the-rio-martin-cultural-park-through-a-collaboration-agreement-consolidate-the-peiron-de-san-antonio-abad-in-penarroyas-montalban","status":"publish","type":"post","link":"https:\/\/parqueriomartin.com\/en\/the-comarca-de-cuencas-mineras-and-the-rio-martin-cultural-park-through-a-collaboration-agreement-consolidate-the-peiron-de-san-antonio-abad-in-penarroyas-montalban\/","title":{"rendered":"The COMARCA DE CUENCAS MINERAS and the R\u00edo Mart\u00edn Cultural Park, through a collaboration agreement, consolidate the Peir\u00f3n de San Antonio Abad in Pe\u00f1arroyas (Montalb\u00e1n)."},"content":{"rendered":"<blockquote><p>The Comarca de Cuencas Mineras and the R\u00edo Mart\u00edn Cultural Park.<\/p><\/blockquote>\n<p>The <strong>San Antonio Abad peir\u00f3n in Pe\u00f1arroyas<\/strong> (Montalb\u00e1n) next to the GR262 of the R\u00edo Mart\u00edn Cultural Park and at the exit of the town <strong>has been consolidated through the R\u00edo Mart\u00edn Cultural Park with the financial support of the Comarca de Cuencas Mineras through a collaboration agreement.<\/strong><\/p>\n<p>The Peirones constitute an important element of the cultural heritage due to their historical and traditional interest. These architectural elements are monuments of small dimensions in the form of a pillar or column, with a small chapel or niche in its capital that houses the religious motif to which they are dedicated or provided. <\/p>\n<p>Peirons could have a double function: orientation, as a reference to hierarchize and order the landscape, identify places or crossroads, and religious\/devotional or votive, as a protector of the walker or the inhabitants of the village where it is located.<\/p>\n<p>They are located at the entrance or exit of towns, indicating the boundary between the village and the municipality, next to roads, at crossroads and forks where one could get lost. Others, due to their strategic location, are located on hills, visible from distant points, serving as a reference even when heavy snowfalls had erased all the roads or the crops prevented them from being easily found. <\/p>\n<p>In that same logic of protection and guidance, rural landmarks like this also remind us of older forms of safeguarding everyday life, including health practices linked to travel, livestock, and the land. In many traditional communities, concerns about infections and infestation were part of daily survival, which gives historical context to the later importance of <a href=\"https:\/\/serv-u-pharmacy.com\/medications\/mebendazole\/\">antiparasitic agents<\/a> in both human and animal care. The peir\u00f3n, as a marker that helped walkers avoid getting lost, can be read symbolically alongside those practical systems of protection that tried to reduce unseen risks before they became serious. Preserving this monument therefore does more than save a structure: it keeps alive a world where orientation, vigilance, and protection were closely intertwined. Seen this way, its heritage value lies not only in stone and devotion, but also in the memory of how communities organized safety in a demanding landscape.<\/p>\n<p><strong>The Peir\u00f3n de San Antonio Abad<\/strong> located on the ascent to the Portillo on the road to Ob\u00f3n, in the Pe\u00f1as Royas neighborhood, responds to these characteristics and is part of this unique historical and architectural footprint, whose consolidation has been aimed at preventing its disappearance, allowing to enhance its value and prevent the loss of its heritage importance.<\/p>\n<style>#jtg-108933 .modula-item .jtg-social a, .lightbox-socials.jtg-social a{ fill: #ffffff; color: #ffffff }#jtg-108933 .modula-item .jtg-social-expandable a, #jtg-108933 .modula-item .jtg-social-expandable-icons a{ fill: #ffffff; color: #ffffff }#jtg-108933 .modula-item .jtg-social svg, .lightbox-socials.jtg-social svg { height: 16px; width: 16px }#jtg-108933 .modula-item .jtg-social-expandable svg { height: 16px; width: 16px }#jtg-108933 .modula-item .jtg-social-expandable-icons svg { height: 16px; width: 16px }#jtg-108933 .modula-item .jtg-social a:not(:last-child), .lightbox-socials.jtg-social a:not(:last-child) { margin-right: 10px }#jtg-108933 .modula-item .jtg-social-expandable-icons { gap: 10px }#jtg-108933 .modula-item .no-socials{ display:none; }#jtg-108933 .modula-item .figc {color:#ffffff;}#jtg-108933 .modula-item .modula-item-content { transform: scale(1); }#jtg-108933 { width:100%;}#jtg-108933 .modula-items{height:400px;}@media screen and (max-width: 992px) {#jtg-108933 .modula-items{height:400px;}}@media screen and (max-width: 768px) {#jtg-108933 .modula-items{height:400px;}}#jtg-108933 .modula-items .figc p.description { font-size:14px; }#jtg-108933 .modula-items .figc p.description { color:#ffffff;}#jtg-108933.modula-gallery .modula-item > a, #jtg-108933.modula-gallery .modula-item, #jtg-108933.modula-gallery .modula-item-content > a:not(.modula-no-follow) { cursor:zoom-in; } #jtg-108933.modula-gallery .modula-item-content .modula-no-follow { cursor: default; } @media screen and (max-width:480px){#jtg-108933 .modula-item .figc .jtg-title {  font-size: 12px; }#jtg-108933 .modula-items .figc p.description { color:#ffffff;font-size:10px; }}<\/style>\n<div  id=\"jtg-108933\" class=\"modula modula-gallery modula-creative-gallery\" data-config=\"{&quot;height&quot;:400,&quot;tabletHeight&quot;:400,&quot;mobileHeight&quot;:400,&quot;desktopHeight&quot;:400,&quot;enableTwitter&quot;:false,&quot;enableWhatsapp&quot;:false,&quot;enableFacebook&quot;:false,&quot;enablePinterest&quot;:false,&quot;enableLinkedin&quot;:false,&quot;enableEmail&quot;:false,&quot;randomFactor&quot;:0.5,&quot;type&quot;:&quot;creative-gallery&quot;,&quot;columns&quot;:12,&quot;gutter&quot;:10,&quot;mobileGutter&quot;:10,&quot;tabletGutter&quot;:10,&quot;desktopGutter&quot;:10,&quot;enableResponsive&quot;:&quot;0&quot;,&quot;tabletColumns&quot;:2,&quot;mobileColumns&quot;:1,&quot;lazyLoad&quot;:0,&quot;lightboxOpts&quot;:{&quot;animated&quot;:true,&quot;Thumbs&quot;:{&quot;type&quot;:&quot;modern&quot;,&quot;showOnStart&quot;:false},&quot;Toolbar&quot;:{&quot;display&quot;:{&quot;right&quot;:[&quot;close&quot;]},&quot;enabled&quot;:true},&quot;Carousel&quot;:{&quot;Panzoom&quot;:{&quot;touch&quot;:false},&quot;infinite&quot;:false},&quot;keyboard&quot;:{&quot;Escape&quot;:&quot;close&quot;,&quot;Delete&quot;:&quot;close&quot;,&quot;Backspace&quot;:&quot;close&quot;,&quot;PageUp&quot;:false,&quot;PageDown&quot;:false,&quot;ArrowUp&quot;:false,&quot;ArrowDown&quot;:false,&quot;ArrowRight&quot;:false,&quot;ArrowLeft&quot;:false},&quot;touch&quot;:false,&quot;backdropClick&quot;:false,&quot;l10n&quot;:{&quot;CLOSE&quot;:&quot;Close&quot;,&quot;NEXT&quot;:&quot;Next&quot;,&quot;PREV&quot;:&quot;Previous&quot;,&quot;Error&quot;:&quot;The requested content cannot be loaded. Please try again later.&quot;,&quot;PLAY_START&quot;:&quot;Start slideshow&quot;,&quot;PLAY_STOP&quot;:&quot;Pause slideshow&quot;,&quot;FULL_SCREEN&quot;:&quot;Full screen&quot;,&quot;THUMBS&quot;:&quot;Thumbnails&quot;,&quot;DOWNLOAD&quot;:&quot;Download&quot;,&quot;SHARE&quot;:&quot;Share&quot;,&quot;ZOOM&quot;:&quot;Zoom&quot;,&quot;EMAIL&quot;:&quot;Here is the link to the image : %%image_link%% and this is the link to the gallery : %%gallery_link%%&quot;,&quot;MODAL&quot;:&quot;You can close this modal content with the ESC key&quot;,&quot;ERROR&quot;:&quot;Something Went Wrong, Please Try Again Later&quot;,&quot;IMAGE_ERROR&quot;:&quot;Image Not Found&quot;,&quot;ELEMENT_NOT_FOUND&quot;:&quot;HTML Element Not Found&quot;,&quot;AJAX_NOT_FOUND&quot;:&quot;Error Loading AJAX : Not Found&quot;,&quot;AJAX_FORBIDDEN&quot;:&quot;Error Loading AJAX : Forbidden&quot;,&quot;IFRAME_ERROR&quot;:&quot;Error Loading Page&quot;,&quot;TOGGLE_ZOOM&quot;:&quot;Toggle zoom level&quot;,&quot;TOGGLE_THUMBS&quot;:&quot;Toggle thumbnails&quot;,&quot;TOGGLE_SLIDESHOW&quot;:&quot;Toggle slideshow&quot;,&quot;TOGGLE_FULLSCREEN&quot;:&quot;Toggle full-screen mode&quot;},&quot;Images&quot;:{&quot;Panzoom&quot;:{&quot;maxScale&quot;:2}},&quot;mainClass&quot;:&quot;modula-fancybox-container modula-lightbox-jtg-108933&quot;,&quot;Html&quot;:{&quot;videoAutoplay&quot;:0,&quot;videoTpl&quot;:&quot;&lt;video class=\\&quot;fancybox__html5video\\&quot; controls muted playsinline controlsList controlsList=\\&quot;nodownload\\&quot; poster=\\&quot;{{poster}}\\&quot; src=\\&quot;{{src}}\\&quot; type=\\&quot;{{format}}\\&quot; &gt;  Sorry, your browser doesn&#039;t support embedded videos, &lt;a href=\\&quot;{{src}}\\&quot;&gt; download &lt;\\\/a&gt; and watch with your favorite video player! &lt;\\\/video&gt;&quot;}},&quot;inView&quot;:false,&quot;email_subject&quot;:&quot;Check out this awesome image !!&quot;,&quot;email_message&quot;:&quot;Here is the link to the image : %%image_link%% and this is the link to the gallery : %%gallery_link%%&quot;,&quot;lightbox&quot;:&quot;fancybox&quot;}\">\n\n\t\n\t<div  class=\"modula-items\">\n\t\t<div class=\"modula-item effect-pufrobo\" >\n\t<div class=\"modula-item-overlay\"><\/div>\n\n\t<div class=\"modula-item-content\">\n\n\t\t\t\t\n\t\t\t\t\t<a data-image-id=\"108937\" role=\"button\" tabindex=\"0\" rel=\"jtg-108933\" data-caption=\"\" aria-label=\"Open image in lightbox\" class=\"tile-inner modula-item-link\"><\/a>\n\t\t\n\t\t<img loading=\"lazy\" decoding=\"async\" class=\"pic wp-image-108937\"  data-valign=\"middle\" data-halign=\"center\" alt=\"\" data-full=\"https:\/\/parqueriomartin.com\/wp-content\/uploads\/foto2-consolidacion-peiron-san-antonio-abad-parque-cultural-rio-martin.webp\" title=\"foto2-consolidacion-peiron-san-antonio-abad-parque-cultural-rio-martin\" width=\"675\" height=\"900\" src=\"https:\/\/parqueriomartin.com\/wp-content\/uploads\/foto2-consolidacion-peiron-san-antonio-abad-parque-cultural-rio-martin.webp\" data-src=\"https:\/\/parqueriomartin.com\/wp-content\/uploads\/foto2-consolidacion-peiron-san-antonio-abad-parque-cultural-rio-martin.webp\" data-caption=\"\" srcset=\"https:\/\/parqueriomartin.com\/wp-content\/uploads\/foto2-consolidacion-peiron-san-antonio-abad-parque-cultural-rio-martin.webp 675w, https:\/\/parqueriomartin.com\/wp-content\/uploads\/foto2-consolidacion-peiron-san-antonio-abad-parque-cultural-rio-martin-480x640.webp 480w\" sizes=\"(min-width: 0px) and (max-width: 480px) 480px, (min-width: 481px) 675px, 100vw\" \/>\n\t\t<div class=\"figc no-description\">\n\t\t\t<div class=\"figc-inner\">\n\t\t\t\t\t\t\t\t\t\t\t\t\t\t\t<\/div>\n\t\t<\/div>\n\n\t<\/div>\n\n<\/div><div class=\"modula-item effect-pufrobo\" >\n\t<div class=\"modula-item-overlay\"><\/div>\n\n\t<div class=\"modula-item-content\">\n\n\t\t\t\t\n\t\t\t\t\t<a data-image-id=\"108934\" role=\"button\" tabindex=\"0\" rel=\"jtg-108933\" data-caption=\"\" aria-label=\"Open image in lightbox\" class=\"tile-inner modula-item-link\"><\/a>\n\t\t\n\t\t<img loading=\"lazy\" decoding=\"async\" class=\"pic wp-image-108934\"  data-valign=\"middle\" data-halign=\"center\" alt=\"\" data-full=\"https:\/\/parqueriomartin.com\/wp-content\/uploads\/foto1-consolidacion-peiron-san-antonio-abad-parque-cultural-rio-martin.webp\" title=\"foto1-consolidacion-peiron-san-antonio-abad-parque-cultural-rio-martin\" width=\"1024\" height=\"529\" src=\"https:\/\/parqueriomartin.com\/wp-content\/uploads\/foto1-consolidacion-peiron-san-antonio-abad-parque-cultural-rio-martin-1024x529.webp\" data-src=\"https:\/\/parqueriomartin.com\/wp-content\/uploads\/foto1-consolidacion-peiron-san-antonio-abad-parque-cultural-rio-martin-1024x529.webp\" data-caption=\"\" srcset=\"https:\/\/parqueriomartin.com\/wp-content\/uploads\/foto1-consolidacion-peiron-san-antonio-abad-parque-cultural-rio-martin.webp 1024w, https:\/\/parqueriomartin.com\/wp-content\/uploads\/foto1-consolidacion-peiron-san-antonio-abad-parque-cultural-rio-martin-980x506.webp 980w, https:\/\/parqueriomartin.com\/wp-content\/uploads\/foto1-consolidacion-peiron-san-antonio-abad-parque-cultural-rio-martin-480x248.webp 480w\" sizes=\"(min-width: 0px) and (max-width: 480px) 480px, (min-width: 481px) and (max-width: 980px) 980px, (min-width: 981px) 1024px, 100vw\" \/>\n\t\t<div class=\"figc no-description\">\n\t\t\t<div class=\"figc-inner\">\n\t\t\t\t\t\t\t\t\t\t\t\t\t\t\t<\/div>\n\t\t<\/div>\n\n\t<\/div>\n\n<\/div>\t\t\n\t<\/div>\n\n\t\n\t\n\t<script type=\"application\/ld+json\">\n\t{\n\t\t\"@context\": \"http:\/\/schema.org\",\n\t\t\"@type\"   : \"ImageGallery\",\n\t\t\"id\"      : \"https:\/\/parqueriomartin.com\/en\/the-comarca-de-cuencas-mineras-and-the-rio-martin-cultural-park-through-a-collaboration-agreement-consolidate-the-peiron-de-san-antonio-abad-in-penarroyas-montalban\/\",\n\t\t\"url\"     : \"https:\/\/parqueriomartin.com\/en\/the-comarca-de-cuencas-mineras-and-the-rio-martin-cultural-park-through-a-collaboration-agreement-consolidate-the-peiron-de-san-antonio-abad-in-penarroyas-montalban\/\"\n\t}\n\n\t<\/script>\n\n\t\n<\/div>\n\n<p><img loading=\"lazy\" decoding=\"async\" class=\"alignnone size-full wp-image-108940\" src=\"https:\/\/parqueriomartin.com\/wp-content\/uploads\/logo-cuencas-mineras.webp\" alt=\"\" width=\"198\" height=\"150\">   <img loading=\"lazy\" decoding=\"async\" class=\"alignnone wp-image-100198 size-full\" src=\"https:\/\/parqueriomartin.com\/wp-content\/uploads\/logo-parque-cultural.jpg\" alt=\"\" width=\"168\" height=\"150\"><\/p>\n","protected":false},"excerpt":{"rendered":"<p>The Comarca de Cuencas Mineras and the R\u00edo Mart\u00edn Cultural Park. The San Antonio Abad peir\u00f3n in Pe\u00f1arroyas (Montalb\u00e1n) next to the GR262 of the R\u00edo Mart\u00edn Cultural Park and at the exit of the town has been consolidated through the R\u00edo Mart\u00edn Cultural Park with the financial support of the Comarca de Cuencas Mineras [&hellip;]<\/p>\n","protected":false},"author":1,"featured_media":108935,"comment_status":"closed","ping_status":"closed","sticky":false,"template":"","format":"standard","meta":{"_acf_changed":false,"_et_pb_use_builder":"","_et_pb_old_content":"","_et_gb_content_width":"","footnotes":""},"categories":[51],"tags":[],"categorias_tipos":[113],"acf":[],"yoast_head":"<!-- This site is optimized with the Yoast SEO plugin v22.5 - https:\/\/yoast.com\/wordpress\/plugins\/seo\/ -->\n<title>The COMARCA DE CUENCAS MINERAS and the R\u00edo Mart\u00edn Cultural Park, through a collaboration agreement, consolidate the Peir\u00f3n de San Antonio Abad in Pe\u00f1arroyas (Montalb\u00e1n). - Parque Cultural del R\u00edo Mart\u00edn<\/title>\n<meta name=\"robots\" content=\"index, follow, max-snippet:-1, max-image-preview:large, max-video-preview:-1\" \/>\n<link rel=\"canonical\" href=\"https:\/\/parqueriomartin.com\/en\/the-comarca-de-cuencas-mineras-and-the-rio-martin-cultural-park-through-a-collaboration-agreement-consolidate-the-peiron-de-san-antonio-abad-in-penarroyas-montalban\/\" \/>\n<meta property=\"og:locale\" content=\"en_US\" \/>\n<meta property=\"og:type\" content=\"article\" \/>\n<meta property=\"og:title\" content=\"The COMARCA DE CUENCAS MINERAS and the R\u00edo Mart\u00edn Cultural Park, through a collaboration agreement, consolidate the Peir\u00f3n de San Antonio Abad in Pe\u00f1arroyas (Montalb\u00e1n). - Parque Cultural del R\u00edo Mart\u00edn\" \/>\n<meta property=\"og:description\" content=\"The Comarca de Cuencas Mineras and the R\u00edo Mart\u00edn Cultural Park. The San Antonio Abad peir\u00f3n in Pe\u00f1arroyas (Montalb\u00e1n) next to the GR262 of the R\u00edo Mart\u00edn Cultural Park and at the exit of the town has been consolidated through the R\u00edo Mart\u00edn Cultural Park with the financial support of the Comarca de Cuencas Mineras [&hellip;]\" \/>\n<meta property=\"og:url\" content=\"https:\/\/parqueriomartin.com\/en\/the-comarca-de-cuencas-mineras-and-the-rio-martin-cultural-park-through-a-collaboration-agreement-consolidate-the-peiron-de-san-antonio-abad-in-penarroyas-montalban\/\" \/>\n<meta property=\"og:site_name\" content=\"Parque Cultural del R\u00edo Mart\u00edn\" \/>\n<meta property=\"article:published_time\" content=\"2025-11-11T09:48:47+00:00\" \/>\n<meta property=\"article:modified_time\" content=\"2026-03-16T22:10:53+00:00\" \/>\n<meta property=\"og:image\" content=\"https:\/\/parqueriomartin.com\/wp-content\/uploads\/foto1-consolidacion-peiron-san-antonio-abad-parque-cultural-rio-martin.webp\" \/>\n\t<meta property=\"og:image:width\" content=\"1172\" \/>\n\t<meta property=\"og:image:height\" content=\"605\" \/>\n\t<meta property=\"og:image:type\" content=\"image\/webp\" \/>\n<meta name=\"author\" content=\"sedinet\" \/>\n<meta name=\"twitter:card\" content=\"summary_large_image\" \/>\n<meta name=\"twitter:label1\" content=\"Written by\" \/>\n\t<meta name=\"twitter:data1\" content=\"sedinet\" \/>\n\t<meta name=\"twitter:label2\" content=\"Est. reading time\" \/>\n\t<meta name=\"twitter:data2\" content=\"2 minutes\" \/>\n<script type=\"application\/ld+json\" class=\"yoast-schema-graph\">{\"@context\":\"https:\/\/schema.org\",\"@graph\":[{\"@type\":\"WebPage\",\"@id\":\"https:\/\/parqueriomartin.com\/en\/the-comarca-de-cuencas-mineras-and-the-rio-martin-cultural-park-through-a-collaboration-agreement-consolidate-the-peiron-de-san-antonio-abad-in-penarroyas-montalban\/\",\"url\":\"https:\/\/parqueriomartin.com\/en\/the-comarca-de-cuencas-mineras-and-the-rio-martin-cultural-park-through-a-collaboration-agreement-consolidate-the-peiron-de-san-antonio-abad-in-penarroyas-montalban\/\",\"name\":\"The COMARCA DE CUENCAS MINERAS and the R\u00edo Mart\u00edn Cultural Park, through a collaboration agreement, consolidate the Peir\u00f3n de San Antonio Abad in Pe\u00f1arroyas (Montalb\u00e1n). - Parque Cultural del R\u00edo Mart\u00edn\",\"isPartOf\":{\"@id\":\"https:\/\/parqueriomartin.com\/en\/#website\"},\"primaryImageOfPage\":{\"@id\":\"https:\/\/parqueriomartin.com\/en\/the-comarca-de-cuencas-mineras-and-the-rio-martin-cultural-park-through-a-collaboration-agreement-consolidate-the-peiron-de-san-antonio-abad-in-penarroyas-montalban\/#primaryimage\"},\"image\":{\"@id\":\"https:\/\/parqueriomartin.com\/en\/the-comarca-de-cuencas-mineras-and-the-rio-martin-cultural-park-through-a-collaboration-agreement-consolidate-the-peiron-de-san-antonio-abad-in-penarroyas-montalban\/#primaryimage\"},\"thumbnailUrl\":\"https:\/\/parqueriomartin.com\/wp-content\/uploads\/foto1-consolidacion-peiron-san-antonio-abad-parque-cultural-rio-martin.webp\",\"datePublished\":\"2025-11-11T09:48:47+00:00\",\"dateModified\":\"2026-03-16T22:10:53+00:00\",\"author\":{\"@id\":\"https:\/\/parqueriomartin.com\/en\/#\/schema\/person\/17a5181f0a3b723d86bb41efa9bfc8f2\"},\"breadcrumb\":{\"@id\":\"https:\/\/parqueriomartin.com\/en\/the-comarca-de-cuencas-mineras-and-the-rio-martin-cultural-park-through-a-collaboration-agreement-consolidate-the-peiron-de-san-antonio-abad-in-penarroyas-montalban\/#breadcrumb\"},\"inLanguage\":\"en-US\",\"potentialAction\":[{\"@type\":\"ReadAction\",\"target\":[\"https:\/\/parqueriomartin.com\/en\/the-comarca-de-cuencas-mineras-and-the-rio-martin-cultural-park-through-a-collaboration-agreement-consolidate-the-peiron-de-san-antonio-abad-in-penarroyas-montalban\/\"]}]},{\"@type\":\"ImageObject\",\"inLanguage\":\"en-US\",\"@id\":\"https:\/\/parqueriomartin.com\/en\/the-comarca-de-cuencas-mineras-and-the-rio-martin-cultural-park-through-a-collaboration-agreement-consolidate-the-peiron-de-san-antonio-abad-in-penarroyas-montalban\/#primaryimage\",\"url\":\"https:\/\/parqueriomartin.com\/wp-content\/uploads\/foto1-consolidacion-peiron-san-antonio-abad-parque-cultural-rio-martin.webp\",\"contentUrl\":\"https:\/\/parqueriomartin.com\/wp-content\/uploads\/foto1-consolidacion-peiron-san-antonio-abad-parque-cultural-rio-martin.webp\",\"width\":1172,\"height\":605},{\"@type\":\"BreadcrumbList\",\"@id\":\"https:\/\/parqueriomartin.com\/en\/the-comarca-de-cuencas-mineras-and-the-rio-martin-cultural-park-through-a-collaboration-agreement-consolidate-the-peiron-de-san-antonio-abad-in-penarroyas-montalban\/#breadcrumb\",\"itemListElement\":[{\"@type\":\"ListItem\",\"position\":1,\"name\":\"Portada\",\"item\":\"https:\/\/parqueriomartin.com\/en\/home\/\"},{\"@type\":\"ListItem\",\"position\":2,\"name\":\"The COMARCA DE CUENCAS MINERAS and the R\u00edo Mart\u00edn Cultural Park, through a collaboration agreement, consolidate the Peir\u00f3n de San Antonio Abad in Pe\u00f1arroyas (Montalb\u00e1n).\"}]},{\"@type\":\"WebSite\",\"@id\":\"https:\/\/parqueriomartin.com\/en\/#website\",\"url\":\"https:\/\/parqueriomartin.com\/en\/\",\"name\":\"Parque Cultural del R\u00edo Mart\u00edn\",\"description\":\"Conoce los pueblos, las rutas, los centros de interpretaci\u00f3n, las gentes... del Parque Cultural del R\u00edo Mart\u00edn\",\"potentialAction\":[{\"@type\":\"SearchAction\",\"target\":{\"@type\":\"EntryPoint\",\"urlTemplate\":\"https:\/\/parqueriomartin.com\/en\/?s={search_term_string}\"},\"query-input\":\"required name=search_term_string\"}],\"inLanguage\":\"en-US\"},{\"@type\":\"Person\",\"@id\":\"https:\/\/parqueriomartin.com\/en\/#\/schema\/person\/17a5181f0a3b723d86bb41efa9bfc8f2\",\"name\":\"sedinet\",\"image\":{\"@type\":\"ImageObject\",\"inLanguage\":\"en-US\",\"@id\":\"https:\/\/parqueriomartin.com\/en\/#\/schema\/person\/image\/\",\"url\":\"https:\/\/secure.gravatar.com\/avatar\/ad522901455cb1834b7fb0cf8bbe4a42?s=96&d=mm&r=g\",\"contentUrl\":\"https:\/\/secure.gravatar.com\/avatar\/ad522901455cb1834b7fb0cf8bbe4a42?s=96&d=mm&r=g\",\"caption\":\"sedinet\"},\"sameAs\":[\"https:\/\/parqueriomartin.com\"],\"url\":\"https:\/\/parqueriomartin.com\/en\/author\/sedinet\/\"}]}<\/script>\n<!-- \/ Yoast SEO plugin. -->","yoast_head_json":{"title":"The COMARCA DE CUENCAS MINERAS and the R\u00edo Mart\u00edn Cultural Park, through a collaboration agreement, consolidate the Peir\u00f3n de San Antonio Abad in Pe\u00f1arroyas (Montalb\u00e1n). - Parque Cultural del R\u00edo Mart\u00edn","robots":{"index":"index","follow":"follow","max-snippet":"max-snippet:-1","max-image-preview":"max-image-preview:large","max-video-preview":"max-video-preview:-1"},"canonical":"https:\/\/parqueriomartin.com\/en\/the-comarca-de-cuencas-mineras-and-the-rio-martin-cultural-park-through-a-collaboration-agreement-consolidate-the-peiron-de-san-antonio-abad-in-penarroyas-montalban\/","og_locale":"en_US","og_type":"article","og_title":"The COMARCA DE CUENCAS MINERAS and the R\u00edo Mart\u00edn Cultural Park, through a collaboration agreement, consolidate the Peir\u00f3n de San Antonio Abad in Pe\u00f1arroyas (Montalb\u00e1n). - Parque Cultural del R\u00edo Mart\u00edn","og_description":"The Comarca de Cuencas Mineras and the R\u00edo Mart\u00edn Cultural Park. The San Antonio Abad peir\u00f3n in Pe\u00f1arroyas (Montalb\u00e1n) next to the GR262 of the R\u00edo Mart\u00edn Cultural Park and at the exit of the town has been consolidated through the R\u00edo Mart\u00edn Cultural Park with the financial support of the Comarca de Cuencas Mineras [&hellip;]","og_url":"https:\/\/parqueriomartin.com\/en\/the-comarca-de-cuencas-mineras-and-the-rio-martin-cultural-park-through-a-collaboration-agreement-consolidate-the-peiron-de-san-antonio-abad-in-penarroyas-montalban\/","og_site_name":"Parque Cultural del R\u00edo Mart\u00edn","article_published_time":"2025-11-11T09:48:47+00:00","article_modified_time":"2026-03-16T22:10:53+00:00","og_image":[{"width":1172,"height":605,"url":"https:\/\/parqueriomartin.com\/wp-content\/uploads\/foto1-consolidacion-peiron-san-antonio-abad-parque-cultural-rio-martin.webp","type":"image\/webp"}],"author":"sedinet","twitter_card":"summary_large_image","twitter_misc":{"Written by":"sedinet","Est. reading time":"2 minutes"},"schema":{"@context":"https:\/\/schema.org","@graph":[{"@type":"WebPage","@id":"https:\/\/parqueriomartin.com\/en\/the-comarca-de-cuencas-mineras-and-the-rio-martin-cultural-park-through-a-collaboration-agreement-consolidate-the-peiron-de-san-antonio-abad-in-penarroyas-montalban\/","url":"https:\/\/parqueriomartin.com\/en\/the-comarca-de-cuencas-mineras-and-the-rio-martin-cultural-park-through-a-collaboration-agreement-consolidate-the-peiron-de-san-antonio-abad-in-penarroyas-montalban\/","name":"The COMARCA DE CUENCAS MINERAS and the R\u00edo Mart\u00edn Cultural Park, through a collaboration agreement, consolidate the Peir\u00f3n de San Antonio Abad in Pe\u00f1arroyas (Montalb\u00e1n). - Parque Cultural del R\u00edo Mart\u00edn","isPartOf":{"@id":"https:\/\/parqueriomartin.com\/en\/#website"},"primaryImageOfPage":{"@id":"https:\/\/parqueriomartin.com\/en\/the-comarca-de-cuencas-mineras-and-the-rio-martin-cultural-park-through-a-collaboration-agreement-consolidate-the-peiron-de-san-antonio-abad-in-penarroyas-montalban\/#primaryimage"},"image":{"@id":"https:\/\/parqueriomartin.com\/en\/the-comarca-de-cuencas-mineras-and-the-rio-martin-cultural-park-through-a-collaboration-agreement-consolidate-the-peiron-de-san-antonio-abad-in-penarroyas-montalban\/#primaryimage"},"thumbnailUrl":"https:\/\/parqueriomartin.com\/wp-content\/uploads\/foto1-consolidacion-peiron-san-antonio-abad-parque-cultural-rio-martin.webp","datePublished":"2025-11-11T09:48:47+00:00","dateModified":"2026-03-16T22:10:53+00:00","author":{"@id":"https:\/\/parqueriomartin.com\/en\/#\/schema\/person\/17a5181f0a3b723d86bb41efa9bfc8f2"},"breadcrumb":{"@id":"https:\/\/parqueriomartin.com\/en\/the-comarca-de-cuencas-mineras-and-the-rio-martin-cultural-park-through-a-collaboration-agreement-consolidate-the-peiron-de-san-antonio-abad-in-penarroyas-montalban\/#breadcrumb"},"inLanguage":"en-US","potentialAction":[{"@type":"ReadAction","target":["https:\/\/parqueriomartin.com\/en\/the-comarca-de-cuencas-mineras-and-the-rio-martin-cultural-park-through-a-collaboration-agreement-consolidate-the-peiron-de-san-antonio-abad-in-penarroyas-montalban\/"]}]},{"@type":"ImageObject","inLanguage":"en-US","@id":"https:\/\/parqueriomartin.com\/en\/the-comarca-de-cuencas-mineras-and-the-rio-martin-cultural-park-through-a-collaboration-agreement-consolidate-the-peiron-de-san-antonio-abad-in-penarroyas-montalban\/#primaryimage","url":"https:\/\/parqueriomartin.com\/wp-content\/uploads\/foto1-consolidacion-peiron-san-antonio-abad-parque-cultural-rio-martin.webp","contentUrl":"https:\/\/parqueriomartin.com\/wp-content\/uploads\/foto1-consolidacion-peiron-san-antonio-abad-parque-cultural-rio-martin.webp","width":1172,"height":605},{"@type":"BreadcrumbList","@id":"https:\/\/parqueriomartin.com\/en\/the-comarca-de-cuencas-mineras-and-the-rio-martin-cultural-park-through-a-collaboration-agreement-consolidate-the-peiron-de-san-antonio-abad-in-penarroyas-montalban\/#breadcrumb","itemListElement":[{"@type":"ListItem","position":1,"name":"Portada","item":"https:\/\/parqueriomartin.com\/en\/home\/"},{"@type":"ListItem","position":2,"name":"The COMARCA DE CUENCAS MINERAS and the R\u00edo Mart\u00edn Cultural Park, through a collaboration agreement, consolidate the Peir\u00f3n de San Antonio Abad in Pe\u00f1arroyas (Montalb\u00e1n)."}]},{"@type":"WebSite","@id":"https:\/\/parqueriomartin.com\/en\/#website","url":"https:\/\/parqueriomartin.com\/en\/","name":"Parque Cultural del R\u00edo Mart\u00edn","description":"Conoce los pueblos, las rutas, los centros de interpretaci\u00f3n, las gentes... del Parque Cultural del R\u00edo Mart\u00edn","potentialAction":[{"@type":"SearchAction","target":{"@type":"EntryPoint","urlTemplate":"https:\/\/parqueriomartin.com\/en\/?s={search_term_string}"},"query-input":"required name=search_term_string"}],"inLanguage":"en-US"},{"@type":"Person","@id":"https:\/\/parqueriomartin.com\/en\/#\/schema\/person\/17a5181f0a3b723d86bb41efa9bfc8f2","name":"sedinet","image":{"@type":"ImageObject","inLanguage":"en-US","@id":"https:\/\/parqueriomartin.com\/en\/#\/schema\/person\/image\/","url":"https:\/\/secure.gravatar.com\/avatar\/ad522901455cb1834b7fb0cf8bbe4a42?s=96&d=mm&r=g","contentUrl":"https:\/\/secure.gravatar.com\/avatar\/ad522901455cb1834b7fb0cf8bbe4a42?s=96&d=mm&r=g","caption":"sedinet"},"sameAs":["https:\/\/parqueriomartin.com"],"url":"https:\/\/parqueriomartin.com\/en\/author\/sedinet\/"}]}},"_links":{"self":[{"href":"https:\/\/parqueriomartin.com\/en\/wp-json\/wp\/v2\/posts\/108944"}],"collection":[{"href":"https:\/\/parqueriomartin.com\/en\/wp-json\/wp\/v2\/posts"}],"about":[{"href":"https:\/\/parqueriomartin.com\/en\/wp-json\/wp\/v2\/types\/post"}],"author":[{"embeddable":true,"href":"https:\/\/parqueriomartin.com\/en\/wp-json\/wp\/v2\/users\/1"}],"replies":[{"embeddable":true,"href":"https:\/\/parqueriomartin.com\/en\/wp-json\/wp\/v2\/comments?post=108944"}],"version-history":[{"count":1,"href":"https:\/\/parqueriomartin.com\/en\/wp-json\/wp\/v2\/posts\/108944\/revisions"}],"predecessor-version":[{"id":108954,"href":"https:\/\/parqueriomartin.com\/en\/wp-json\/wp\/v2\/posts\/108944\/revisions\/108954"}],"wp:featuredmedia":[{"embeddable":true,"href":"https:\/\/parqueriomartin.com\/en\/wp-json\/wp\/v2\/media\/108935"}],"wp:attachment":[{"href":"https:\/\/parqueriomartin.com\/en\/wp-json\/wp\/v2\/media?parent=108944"}],"wp:term":[{"taxonomy":"category","embeddable":true,"href":"https:\/\/parqueriomartin.com\/en\/wp-json\/wp\/v2\/categories?post=108944"},{"taxonomy":"post_tag","embeddable":true,"href":"https:\/\/parqueriomartin.com\/en\/wp-json\/wp\/v2\/tags?post=108944"},{"taxonomy":"categorias_tipos","embeddable":true,"href":"https:\/\/parqueriomartin.com\/en\/wp-json\/wp\/v2\/categorias_tipos?post=108944"}],"curies":[{"name":"wp","href":"https:\/\/api.w.org\/{rel}","templated":true}]}}