{"id":105160,"date":"2022-10-18T08:44:41","date_gmt":"2022-10-18T08:44:41","guid":{"rendered":"http:\/\/parqueculturalriomartin.com.mialias.net\/?p=105160"},"modified":"2022-10-20T09:30:17","modified_gmt":"2022-10-20T09:30:17","slug":"premiere-phase-de-fouille-du-fosse-interieur-de-letablissement-iberique-de-cabezo-de-san-pedro-a-oliete","status":"publish","type":"post","link":"https:\/\/parqueriomartin.com\/fr\/premiere-phase-de-fouille-du-fosse-interieur-de-letablissement-iberique-de-cabezo-de-san-pedro-a-oliete\/","title":{"rendered":"Premi\u00e8re phase de fouille du foss\u00e9 int\u00e9rieur de l&rsquo;\u00e9tablissement ib\u00e9rique de Cabezo de San Pedro \u00e0 Oliete."},"content":{"rendered":"<p>La colonie ib\u00e9rique de Cabezo de San Pedro \u00e0 Oliete. La premi\u00e8re phase de fouille des douves int\u00e9rieures r\u00e9v\u00e8le des structures spectaculaires.<\/p>\n<p>Les fouilles arch\u00e9ologiques et la consolidation des structures du site ib\u00e9rique de Cabezo de San Pedro \u00e0 Oliete au cours de l&rsquo;ann\u00e9e 2022 ont donn\u00e9 de splendides r\u00e9sultats qui nous ont permis de mieux comprendre la port\u00e9e et l&rsquo;importance des structures d\u00e9fensives-militaires de cet important \u00e9tablissement. Les travaux, sous la direction de l&rsquo;\u00e9quipe du Mus\u00e9e de Teruel avec la collaboration du Parc culturel de la rivi\u00e8re Mart\u00edn, ont \u00e9t\u00e9 r\u00e9alis\u00e9s par Jaime Vicente, Beatr\u00edz Esquerra et Sara Azuara. Le Conseil provincial a pr\u00e9vu 155 000 euros pour l&rsquo;excavation de la douve int\u00e9rieure dans la premi\u00e8re phase.<\/p>\n<p>Dans la campagne de fouilles 2022 dans les structures int\u00e9rieures du site, diff\u00e9rentes institutions ont particip\u00e9 comme exemple de collaboration inter-administrative : le Mus\u00e9e de Teruel (DPT), le Parc Culturel de la Rivi\u00e8re Mart\u00edn (Patrimoine du Gouvernement d&rsquo;Aragon), la R\u00e9gion d&rsquo;Andorre-Sierra de Arcos et la Mairie d&rsquo;Oliete.<\/p>\n<p>Les origines de cette colonie remontent au Ve si\u00e8cle avant J.-C. si l&rsquo;on en croit les vestiges d\u00e9couverts dans la n\u00e9cropole associ\u00e9e au site.<\/p>\n","protected":false},"excerpt":{"rendered":"<p>La colonie ib\u00e9rique de Cabezo de San Pedro \u00e0 Oliete. La premi\u00e8re phase de fouille des douves int\u00e9rieures r\u00e9v\u00e8le des structures spectaculaires. Les fouilles arch\u00e9ologiques et la consolidation des structures du site ib\u00e9rique de Cabezo de San Pedro \u00e0 Oliete au cours de l&rsquo;ann\u00e9e 2022 ont donn\u00e9 de splendides r\u00e9sultats qui nous ont permis de [&hellip;]<\/p>\n","protected":false},"author":1,"featured_media":105151,"comment_status":"closed","ping_status":"closed","sticky":false,"template":"","format":"standard","meta":{"_acf_changed":false,"_et_pb_use_builder":"","_et_pb_old_content":"","_et_gb_content_width":"","footnotes":""},"categories":[52],"tags":[],"categorias_tipos":[114],"acf":[],"yoast_head":"<!-- This site is optimized with the Yoast SEO plugin v22.5 - https:\/\/yoast.com\/wordpress\/plugins\/seo\/ -->\n<title>Premi\u00e8re phase de fouille du foss\u00e9 int\u00e9rieur de l&#039;\u00e9tablissement ib\u00e9rique de Cabezo de San Pedro \u00e0 Oliete. - Parque Cultural del R\u00edo Mart\u00edn<\/title>\n<meta name=\"robots\" content=\"index, follow, max-snippet:-1, max-image-preview:large, max-video-preview:-1\" \/>\n<link rel=\"canonical\" href=\"https:\/\/parqueriomartin.com\/fr\/premiere-phase-de-fouille-du-fosse-interieur-de-letablissement-iberique-de-cabezo-de-san-pedro-a-oliete\/\" \/>\n<meta property=\"og:locale\" content=\"fr_FR\" \/>\n<meta property=\"og:type\" content=\"article\" \/>\n<meta property=\"og:title\" content=\"Premi\u00e8re phase de fouille du foss\u00e9 int\u00e9rieur de l&#039;\u00e9tablissement ib\u00e9rique de Cabezo de San Pedro \u00e0 Oliete. - Parque Cultural del R\u00edo Mart\u00edn\" \/>\n<meta property=\"og:description\" content=\"La colonie ib\u00e9rique de Cabezo de San Pedro \u00e0 Oliete. La premi\u00e8re phase de fouille des douves int\u00e9rieures r\u00e9v\u00e8le des structures spectaculaires. Les fouilles arch\u00e9ologiques et la consolidation des structures du site ib\u00e9rique de Cabezo de San Pedro \u00e0 Oliete au cours de l&rsquo;ann\u00e9e 2022 ont donn\u00e9 de splendides r\u00e9sultats qui nous ont permis de [&hellip;]\" \/>\n<meta property=\"og:url\" content=\"https:\/\/parqueriomartin.com\/fr\/premiere-phase-de-fouille-du-fosse-interieur-de-letablissement-iberique-de-cabezo-de-san-pedro-a-oliete\/\" \/>\n<meta property=\"og:site_name\" content=\"Parque Cultural del R\u00edo Mart\u00edn\" \/>\n<meta property=\"article:published_time\" content=\"2022-10-18T08:44:41+00:00\" \/>\n<meta property=\"article:modified_time\" content=\"2022-10-20T09:30:17+00:00\" \/>\n<meta property=\"og:image\" content=\"https:\/\/parqueriomartin.com\/wp-content\/uploads\/foto-noticia-poblado-cabezo-san-pedro-parque-cultural-rio-martin.webp\" \/>\n\t<meta property=\"og:image:width\" content=\"1299\" \/>\n\t<meta property=\"og:image:height\" content=\"477\" \/>\n\t<meta property=\"og:image:type\" content=\"image\/webp\" \/>\n<meta name=\"author\" content=\"sedinet\" \/>\n<meta name=\"twitter:card\" content=\"summary_large_image\" \/>\n<meta name=\"twitter:label1\" content=\"\u00c9crit par\" \/>\n\t<meta name=\"twitter:data1\" content=\"sedinet\" \/>\n\t<meta name=\"twitter:label2\" content=\"Dur\u00e9e de lecture estim\u00e9e\" \/>\n\t<meta name=\"twitter:data2\" content=\"1 minute\" \/>\n<script type=\"application\/ld+json\" class=\"yoast-schema-graph\">{\"@context\":\"https:\/\/schema.org\",\"@graph\":[{\"@type\":\"WebPage\",\"@id\":\"https:\/\/parqueriomartin.com\/fr\/premiere-phase-de-fouille-du-fosse-interieur-de-letablissement-iberique-de-cabezo-de-san-pedro-a-oliete\/\",\"url\":\"https:\/\/parqueriomartin.com\/fr\/premiere-phase-de-fouille-du-fosse-interieur-de-letablissement-iberique-de-cabezo-de-san-pedro-a-oliete\/\",\"name\":\"Premi\u00e8re phase de fouille du foss\u00e9 int\u00e9rieur de l'\u00e9tablissement ib\u00e9rique de Cabezo de San Pedro \u00e0 Oliete. - Parque Cultural del R\u00edo Mart\u00edn\",\"isPartOf\":{\"@id\":\"https:\/\/parqueriomartin.com\/fr\/#website\"},\"primaryImageOfPage\":{\"@id\":\"https:\/\/parqueriomartin.com\/fr\/premiere-phase-de-fouille-du-fosse-interieur-de-letablissement-iberique-de-cabezo-de-san-pedro-a-oliete\/#primaryimage\"},\"image\":{\"@id\":\"https:\/\/parqueriomartin.com\/fr\/premiere-phase-de-fouille-du-fosse-interieur-de-letablissement-iberique-de-cabezo-de-san-pedro-a-oliete\/#primaryimage\"},\"thumbnailUrl\":\"https:\/\/parqueriomartin.com\/wp-content\/uploads\/foto-noticia-poblado-cabezo-san-pedro-parque-cultural-rio-martin.webp\",\"datePublished\":\"2022-10-18T08:44:41+00:00\",\"dateModified\":\"2022-10-20T09:30:17+00:00\",\"author\":{\"@id\":\"https:\/\/parqueriomartin.com\/fr\/#\/schema\/person\/17a5181f0a3b723d86bb41efa9bfc8f2\"},\"breadcrumb\":{\"@id\":\"https:\/\/parqueriomartin.com\/fr\/premiere-phase-de-fouille-du-fosse-interieur-de-letablissement-iberique-de-cabezo-de-san-pedro-a-oliete\/#breadcrumb\"},\"inLanguage\":\"fr-FR\",\"potentialAction\":[{\"@type\":\"ReadAction\",\"target\":[\"https:\/\/parqueriomartin.com\/fr\/premiere-phase-de-fouille-du-fosse-interieur-de-letablissement-iberique-de-cabezo-de-san-pedro-a-oliete\/\"]}]},{\"@type\":\"ImageObject\",\"inLanguage\":\"fr-FR\",\"@id\":\"https:\/\/parqueriomartin.com\/fr\/premiere-phase-de-fouille-du-fosse-interieur-de-letablissement-iberique-de-cabezo-de-san-pedro-a-oliete\/#primaryimage\",\"url\":\"https:\/\/parqueriomartin.com\/wp-content\/uploads\/foto-noticia-poblado-cabezo-san-pedro-parque-cultural-rio-martin.webp\",\"contentUrl\":\"https:\/\/parqueriomartin.com\/wp-content\/uploads\/foto-noticia-poblado-cabezo-san-pedro-parque-cultural-rio-martin.webp\",\"width\":1299,\"height\":477},{\"@type\":\"BreadcrumbList\",\"@id\":\"https:\/\/parqueriomartin.com\/fr\/premiere-phase-de-fouille-du-fosse-interieur-de-letablissement-iberique-de-cabezo-de-san-pedro-a-oliete\/#breadcrumb\",\"itemListElement\":[{\"@type\":\"ListItem\",\"position\":1,\"name\":\"Portada\",\"item\":\"https:\/\/parqueriomartin.com\/fr\/\"},{\"@type\":\"ListItem\",\"position\":2,\"name\":\"Premi\u00e8re phase de fouille du foss\u00e9 int\u00e9rieur de l&rsquo;\u00e9tablissement ib\u00e9rique de Cabezo de San Pedro \u00e0 Oliete.\"}]},{\"@type\":\"WebSite\",\"@id\":\"https:\/\/parqueriomartin.com\/fr\/#website\",\"url\":\"https:\/\/parqueriomartin.com\/fr\/\",\"name\":\"Parque Cultural del R\u00edo Mart\u00edn\",\"description\":\"Conoce los pueblos, las rutas, los centros de interpretaci\u00f3n, las gentes... del Parque Cultural del R\u00edo Mart\u00edn\",\"potentialAction\":[{\"@type\":\"SearchAction\",\"target\":{\"@type\":\"EntryPoint\",\"urlTemplate\":\"https:\/\/parqueriomartin.com\/fr\/?s={search_term_string}\"},\"query-input\":\"required name=search_term_string\"}],\"inLanguage\":\"fr-FR\"},{\"@type\":\"Person\",\"@id\":\"https:\/\/parqueriomartin.com\/fr\/#\/schema\/person\/17a5181f0a3b723d86bb41efa9bfc8f2\",\"name\":\"sedinet\",\"image\":{\"@type\":\"ImageObject\",\"inLanguage\":\"fr-FR\",\"@id\":\"https:\/\/parqueriomartin.com\/fr\/#\/schema\/person\/image\/\",\"url\":\"https:\/\/secure.gravatar.com\/avatar\/ad522901455cb1834b7fb0cf8bbe4a42?s=96&d=mm&r=g\",\"contentUrl\":\"https:\/\/secure.gravatar.com\/avatar\/ad522901455cb1834b7fb0cf8bbe4a42?s=96&d=mm&r=g\",\"caption\":\"sedinet\"},\"sameAs\":[\"https:\/\/parqueriomartin.com\"],\"url\":\"https:\/\/parqueriomartin.com\/fr\/author\/sedinet\/\"}]}<\/script>\n<!-- \/ Yoast SEO plugin. -->","yoast_head_json":{"title":"Premi\u00e8re phase de fouille du foss\u00e9 int\u00e9rieur de l'\u00e9tablissement ib\u00e9rique de Cabezo de San Pedro \u00e0 Oliete. - Parque Cultural del R\u00edo Mart\u00edn","robots":{"index":"index","follow":"follow","max-snippet":"max-snippet:-1","max-image-preview":"max-image-preview:large","max-video-preview":"max-video-preview:-1"},"canonical":"https:\/\/parqueriomartin.com\/fr\/premiere-phase-de-fouille-du-fosse-interieur-de-letablissement-iberique-de-cabezo-de-san-pedro-a-oliete\/","og_locale":"fr_FR","og_type":"article","og_title":"Premi\u00e8re phase de fouille du foss\u00e9 int\u00e9rieur de l'\u00e9tablissement ib\u00e9rique de Cabezo de San Pedro \u00e0 Oliete. - Parque Cultural del R\u00edo Mart\u00edn","og_description":"La colonie ib\u00e9rique de Cabezo de San Pedro \u00e0 Oliete. La premi\u00e8re phase de fouille des douves int\u00e9rieures r\u00e9v\u00e8le des structures spectaculaires. Les fouilles arch\u00e9ologiques et la consolidation des structures du site ib\u00e9rique de Cabezo de San Pedro \u00e0 Oliete au cours de l&rsquo;ann\u00e9e 2022 ont donn\u00e9 de splendides r\u00e9sultats qui nous ont permis de [&hellip;]","og_url":"https:\/\/parqueriomartin.com\/fr\/premiere-phase-de-fouille-du-fosse-interieur-de-letablissement-iberique-de-cabezo-de-san-pedro-a-oliete\/","og_site_name":"Parque Cultural del R\u00edo Mart\u00edn","article_published_time":"2022-10-18T08:44:41+00:00","article_modified_time":"2022-10-20T09:30:17+00:00","og_image":[{"width":1299,"height":477,"url":"https:\/\/parqueriomartin.com\/wp-content\/uploads\/foto-noticia-poblado-cabezo-san-pedro-parque-cultural-rio-martin.webp","type":"image\/webp"}],"author":"sedinet","twitter_card":"summary_large_image","twitter_misc":{"\u00c9crit par":"sedinet","Dur\u00e9e de lecture estim\u00e9e":"1 minute"},"schema":{"@context":"https:\/\/schema.org","@graph":[{"@type":"WebPage","@id":"https:\/\/parqueriomartin.com\/fr\/premiere-phase-de-fouille-du-fosse-interieur-de-letablissement-iberique-de-cabezo-de-san-pedro-a-oliete\/","url":"https:\/\/parqueriomartin.com\/fr\/premiere-phase-de-fouille-du-fosse-interieur-de-letablissement-iberique-de-cabezo-de-san-pedro-a-oliete\/","name":"Premi\u00e8re phase de fouille du foss\u00e9 int\u00e9rieur de l'\u00e9tablissement ib\u00e9rique de Cabezo de San Pedro \u00e0 Oliete. - Parque Cultural del R\u00edo Mart\u00edn","isPartOf":{"@id":"https:\/\/parqueriomartin.com\/fr\/#website"},"primaryImageOfPage":{"@id":"https:\/\/parqueriomartin.com\/fr\/premiere-phase-de-fouille-du-fosse-interieur-de-letablissement-iberique-de-cabezo-de-san-pedro-a-oliete\/#primaryimage"},"image":{"@id":"https:\/\/parqueriomartin.com\/fr\/premiere-phase-de-fouille-du-fosse-interieur-de-letablissement-iberique-de-cabezo-de-san-pedro-a-oliete\/#primaryimage"},"thumbnailUrl":"https:\/\/parqueriomartin.com\/wp-content\/uploads\/foto-noticia-poblado-cabezo-san-pedro-parque-cultural-rio-martin.webp","datePublished":"2022-10-18T08:44:41+00:00","dateModified":"2022-10-20T09:30:17+00:00","author":{"@id":"https:\/\/parqueriomartin.com\/fr\/#\/schema\/person\/17a5181f0a3b723d86bb41efa9bfc8f2"},"breadcrumb":{"@id":"https:\/\/parqueriomartin.com\/fr\/premiere-phase-de-fouille-du-fosse-interieur-de-letablissement-iberique-de-cabezo-de-san-pedro-a-oliete\/#breadcrumb"},"inLanguage":"fr-FR","potentialAction":[{"@type":"ReadAction","target":["https:\/\/parqueriomartin.com\/fr\/premiere-phase-de-fouille-du-fosse-interieur-de-letablissement-iberique-de-cabezo-de-san-pedro-a-oliete\/"]}]},{"@type":"ImageObject","inLanguage":"fr-FR","@id":"https:\/\/parqueriomartin.com\/fr\/premiere-phase-de-fouille-du-fosse-interieur-de-letablissement-iberique-de-cabezo-de-san-pedro-a-oliete\/#primaryimage","url":"https:\/\/parqueriomartin.com\/wp-content\/uploads\/foto-noticia-poblado-cabezo-san-pedro-parque-cultural-rio-martin.webp","contentUrl":"https:\/\/parqueriomartin.com\/wp-content\/uploads\/foto-noticia-poblado-cabezo-san-pedro-parque-cultural-rio-martin.webp","width":1299,"height":477},{"@type":"BreadcrumbList","@id":"https:\/\/parqueriomartin.com\/fr\/premiere-phase-de-fouille-du-fosse-interieur-de-letablissement-iberique-de-cabezo-de-san-pedro-a-oliete\/#breadcrumb","itemListElement":[{"@type":"ListItem","position":1,"name":"Portada","item":"https:\/\/parqueriomartin.com\/fr\/"},{"@type":"ListItem","position":2,"name":"Premi\u00e8re phase de fouille du foss\u00e9 int\u00e9rieur de l&rsquo;\u00e9tablissement ib\u00e9rique de Cabezo de San Pedro \u00e0 Oliete."}]},{"@type":"WebSite","@id":"https:\/\/parqueriomartin.com\/fr\/#website","url":"https:\/\/parqueriomartin.com\/fr\/","name":"Parque Cultural del R\u00edo Mart\u00edn","description":"Conoce los pueblos, las rutas, los centros de interpretaci\u00f3n, las gentes... del Parque Cultural del R\u00edo Mart\u00edn","potentialAction":[{"@type":"SearchAction","target":{"@type":"EntryPoint","urlTemplate":"https:\/\/parqueriomartin.com\/fr\/?s={search_term_string}"},"query-input":"required name=search_term_string"}],"inLanguage":"fr-FR"},{"@type":"Person","@id":"https:\/\/parqueriomartin.com\/fr\/#\/schema\/person\/17a5181f0a3b723d86bb41efa9bfc8f2","name":"sedinet","image":{"@type":"ImageObject","inLanguage":"fr-FR","@id":"https:\/\/parqueriomartin.com\/fr\/#\/schema\/person\/image\/","url":"https:\/\/secure.gravatar.com\/avatar\/ad522901455cb1834b7fb0cf8bbe4a42?s=96&d=mm&r=g","contentUrl":"https:\/\/secure.gravatar.com\/avatar\/ad522901455cb1834b7fb0cf8bbe4a42?s=96&d=mm&r=g","caption":"sedinet"},"sameAs":["https:\/\/parqueriomartin.com"],"url":"https:\/\/parqueriomartin.com\/fr\/author\/sedinet\/"}]}},"_links":{"self":[{"href":"https:\/\/parqueriomartin.com\/fr\/wp-json\/wp\/v2\/posts\/105160"}],"collection":[{"href":"https:\/\/parqueriomartin.com\/fr\/wp-json\/wp\/v2\/posts"}],"about":[{"href":"https:\/\/parqueriomartin.com\/fr\/wp-json\/wp\/v2\/types\/post"}],"author":[{"embeddable":true,"href":"https:\/\/parqueriomartin.com\/fr\/wp-json\/wp\/v2\/users\/1"}],"replies":[{"embeddable":true,"href":"https:\/\/parqueriomartin.com\/fr\/wp-json\/wp\/v2\/comments?post=105160"}],"version-history":[{"count":1,"href":"https:\/\/parqueriomartin.com\/fr\/wp-json\/wp\/v2\/posts\/105160\/revisions"}],"predecessor-version":[{"id":105165,"href":"https:\/\/parqueriomartin.com\/fr\/wp-json\/wp\/v2\/posts\/105160\/revisions\/105165"}],"wp:featuredmedia":[{"embeddable":true,"href":"https:\/\/parqueriomartin.com\/fr\/wp-json\/wp\/v2\/media\/105151"}],"wp:attachment":[{"href":"https:\/\/parqueriomartin.com\/fr\/wp-json\/wp\/v2\/media?parent=105160"}],"wp:term":[{"taxonomy":"category","embeddable":true,"href":"https:\/\/parqueriomartin.com\/fr\/wp-json\/wp\/v2\/categories?post=105160"},{"taxonomy":"post_tag","embeddable":true,"href":"https:\/\/parqueriomartin.com\/fr\/wp-json\/wp\/v2\/tags?post=105160"},{"taxonomy":"categorias_tipos","embeddable":true,"href":"https:\/\/parqueriomartin.com\/fr\/wp-json\/wp\/v2\/categorias_tipos?post=105160"}],"curies":[{"name":"wp","href":"https:\/\/api.w.org\/{rel}","templated":true}]}}