{"id":108327,"date":"2023-10-04T11:43:00","date_gmt":"2023-10-04T11:43:00","guid":{"rendered":"https:\/\/parqueriomartin.com\/travaux-dentretien-et-de-nettoyage-dans-la-zone-de-los-estrechos-et-du-mirador-de-silleta-route-de-la-valdoria-a-albalate-del-arzobispo\/"},"modified":"2023-10-04T11:43:00","modified_gmt":"2023-10-04T11:43:00","slug":"travaux-dentretien-et-de-nettoyage-dans-la-zone-de-los-estrechos-et-du-mirador-de-silleta-route-de-la-valdoria-a-albalate-del-arzobispo","status":"publish","type":"post","link":"https:\/\/parqueriomartin.com\/fr\/travaux-dentretien-et-de-nettoyage-dans-la-zone-de-los-estrechos-et-du-mirador-de-silleta-route-de-la-valdoria-a-albalate-del-arzobispo\/","title":{"rendered":"Travaux d&rsquo;entretien et de nettoyage dans la zone de Los Estrechos et du mirador de Silleta (route de la Valdoria) \u00e0 Albalate del Arzobispo."},"content":{"rendered":"<p>La <strong>r\u00e9gion du Bas-Martin<\/strong>  dans le cadre de la subvention directe accord\u00e9e au Parc Culturel de la Rivi\u00e8re Mart\u00edn en 2023 d&rsquo;un montant de 1 000 \u20ac TTC, a collabor\u00e9 aux travaux d&rsquo;entretien r\u00e9alis\u00e9s sur le tron\u00e7on de randonn\u00e9e de la \u00ab\u00a0Ruta de los Estrechos\u00a0\u00bb affect\u00e9 par la chute d&rsquo;arbres due \u00e0 la tornade, qui a entrav\u00e9 l&rsquo;acc\u00e8s au chemin du canal et au mirador de la Silleta sur la route de Valdoria (r\u00e9cup\u00e9ration de tron\u00e7ons de garde-corps perdus et traitements du bois, ainsi que d\u00e9broussaillage).<\/p>\n<p>Vous trouverez ci-joint quelques photos de l&rsquo;action apr\u00e8s le nettoyage et le d\u00e9gagement de certaines sections du sentier, l&rsquo;enl\u00e8vement des broussailles et le conditionnement du point de vue de la silleta.<\/p>\n<p><img loading=\"lazy\" decoding=\"async\" class=\"alignnone size-medium wp-image-108227\" src=\"https:\/\/parqueriomartin.com\/wp-content\/uploads\/\/logo-noticia-limpieza-ruta-estrechos-parque-cultural-rio-martin-300x112.webp\" alt=\"\" width=\"300\" height=\"112\" srcset=\"https:\/\/parqueriomartin.com\/wp-content\/uploads\/logo-noticia-limpieza-ruta-estrechos-parque-cultural-rio-martin-300x112.webp 300w, https:\/\/parqueriomartin.com\/wp-content\/uploads\/logo-noticia-limpieza-ruta-estrechos-parque-cultural-rio-martin-1024x381.webp 1024w, https:\/\/parqueriomartin.com\/wp-content\/uploads\/logo-noticia-limpieza-ruta-estrechos-parque-cultural-rio-martin-768x286.webp 768w, https:\/\/parqueriomartin.com\/wp-content\/uploads\/logo-noticia-limpieza-ruta-estrechos-parque-cultural-rio-martin-1536x572.webp 1536w, https:\/\/parqueriomartin.com\/wp-content\/uploads\/logo-noticia-limpieza-ruta-estrechos-parque-cultural-rio-martin-1080x402.webp 1080w, https:\/\/parqueriomartin.com\/wp-content\/uploads\/logo-noticia-limpieza-ruta-estrechos-parque-cultural-rio-martin-1280x477.webp 1280w, https:\/\/parqueriomartin.com\/wp-content\/uploads\/logo-noticia-limpieza-ruta-estrechos-parque-cultural-rio-martin-980x365.webp 980w, https:\/\/parqueriomartin.com\/wp-content\/uploads\/logo-noticia-limpieza-ruta-estrechos-parque-cultural-rio-martin-480x179.webp 480w, https:\/\/parqueriomartin.com\/wp-content\/uploads\/logo-noticia-limpieza-ruta-estrechos-parque-cultural-rio-martin.webp 1595w\" sizes=\"(max-width: 300px) 100vw, 300px\" \/><\/p>\n<p>&nbsp;<\/p>\n<hr>\n<style>#jtg-108323 .modula-item .jtg-social a, .lightbox-socials.jtg-social a{ fill: #ffffff; color: #ffffff }#jtg-108323 .modula-item .jtg-social-expandable a, #jtg-108323 .modula-item .jtg-social-expandable-icons a{ fill: #ffffff; color: #ffffff }#jtg-108323 .modula-item .jtg-social svg, .lightbox-socials.jtg-social svg { height: 16px; width: 16px }#jtg-108323 .modula-item .jtg-social-expandable svg { height: 16px; width: 16px }#jtg-108323 .modula-item .jtg-social-expandable-icons svg { height: 16px; width: 16px }#jtg-108323 .modula-item .jtg-social a:not(:last-child), .lightbox-socials.jtg-social a:not(:last-child) { margin-right: 10px }#jtg-108323 .modula-item .jtg-social-expandable-icons { gap: 10px }#jtg-108323 .modula-item .figc {color:#ffffff;}#jtg-108323 .modula-item .modula-item-content { transform: scale(1); }#jtg-108323 { width:100%;}#jtg-108323 .modula-items{height:400px;}@media screen and (max-width: 992px) {#jtg-108323 .modula-items{height:400px;}}@media screen and (max-width: 768px) {#jtg-108323 .modula-items{height:400px;}}#jtg-108323 .modula-items .figc p.description { font-size:14px; }#jtg-108323 .modula-items .figc p.description { color:#ffffff;}#jtg-108323.modula-gallery .modula-item > a, #jtg-108323.modula-gallery .modula-item, #jtg-108323.modula-gallery .modula-item-content > a:not(.modula-no-follow) { cursor:zoom-in; } #jtg-108323.modula-gallery .modula-item-content .modula-no-follow { cursor: default; } @media screen and (max-width:480px){#jtg-108323 .modula-item .figc .jtg-title {  font-size: 12px; }#jtg-108323 .modula-items .figc p.description { color:#ffffff;font-size:10px; }}<\/style>\n<div  id=\"jtg-108323\" class=\"modula modula-gallery modula-creative-gallery\" data-config=\"{&quot;height&quot;:400,&quot;tabletHeight&quot;:400,&quot;mobileHeight&quot;:400,&quot;desktopHeight&quot;:400,&quot;enableTwitter&quot;:false,&quot;enableWhatsapp&quot;:false,&quot;enableFacebook&quot;:false,&quot;enablePinterest&quot;:false,&quot;enableLinkedin&quot;:false,&quot;enableEmail&quot;:false,&quot;randomFactor&quot;:0.5,&quot;type&quot;:&quot;creative-gallery&quot;,&quot;columns&quot;:12,&quot;gutter&quot;:10,&quot;mobileGutter&quot;:10,&quot;tabletGutter&quot;:10,&quot;desktopGutter&quot;:10,&quot;enableResponsive&quot;:&quot;0&quot;,&quot;tabletColumns&quot;:&quot;2&quot;,&quot;mobileColumns&quot;:&quot;1&quot;,&quot;lazyLoad&quot;:0,&quot;lightboxOpts&quot;:{&quot;animated&quot;:true,&quot;Thumbs&quot;:{&quot;type&quot;:&quot;modern&quot;,&quot;showOnStart&quot;:false},&quot;Toolbar&quot;:{&quot;display&quot;:{&quot;right&quot;:[&quot;close&quot;]},&quot;enabled&quot;:true},&quot;Carousel&quot;:{&quot;Panzoom&quot;:{&quot;touch&quot;:false},&quot;infinite&quot;:false},&quot;keyboard&quot;:{&quot;Escape&quot;:&quot;close&quot;,&quot;Delete&quot;:&quot;close&quot;,&quot;Backspace&quot;:&quot;close&quot;,&quot;PageUp&quot;:false,&quot;PageDown&quot;:false,&quot;ArrowUp&quot;:false,&quot;ArrowDown&quot;:false,&quot;ArrowRight&quot;:false,&quot;ArrowLeft&quot;:false},&quot;touch&quot;:false,&quot;backdropClick&quot;:false,&quot;l10n&quot;:{&quot;CLOSE&quot;:&quot;Close&quot;,&quot;NEXT&quot;:&quot;Next&quot;,&quot;PREV&quot;:&quot;Previous&quot;,&quot;Error&quot;:&quot;The requested content cannot be loaded. Please try again later.&quot;,&quot;PLAY_START&quot;:&quot;Start slideshow&quot;,&quot;PLAY_STOP&quot;:&quot;Pause slideshow&quot;,&quot;FULL_SCREEN&quot;:&quot;Full screen&quot;,&quot;THUMBS&quot;:&quot;Thumbnails&quot;,&quot;DOWNLOAD&quot;:&quot;Download&quot;,&quot;SHARE&quot;:&quot;Share&quot;,&quot;ZOOM&quot;:&quot;Zoom&quot;,&quot;EMAIL&quot;:&quot;Here is the link to the image : %%image_link%% and this is the link to the gallery : %%gallery_link%%&quot;,&quot;MODAL&quot;:&quot;You can close this modal content with the ESC key&quot;,&quot;ERROR&quot;:&quot;Something Went Wrong, Please Try Again Later&quot;,&quot;IMAGE_ERROR&quot;:&quot;Image Not Found&quot;,&quot;ELEMENT_NOT_FOUND&quot;:&quot;HTML Element Not Found&quot;,&quot;AJAX_NOT_FOUND&quot;:&quot;Error Loading AJAX : Not Found&quot;,&quot;AJAX_FORBIDDEN&quot;:&quot;Error Loading AJAX : Forbidden&quot;,&quot;IFRAME_ERROR&quot;:&quot;Error Loading Page&quot;,&quot;TOGGLE_ZOOM&quot;:&quot;Toggle zoom level&quot;,&quot;TOGGLE_THUMBS&quot;:&quot;Toggle thumbnails&quot;,&quot;TOGGLE_SLIDESHOW&quot;:&quot;Toggle slideshow&quot;,&quot;TOGGLE_FULLSCREEN&quot;:&quot;Toggle full-screen mode&quot;},&quot;Images&quot;:{&quot;Panzoom&quot;:{&quot;maxScale&quot;:2}},&quot;mainClass&quot;:&quot;modula-fancybox-container modula-lightbox-jtg-108323&quot;,&quot;Html&quot;:{&quot;videoAutoplay&quot;:0,&quot;videoTpl&quot;:&quot;&lt;video class=\\&quot;fancybox__html5video\\&quot; controls muted playsinline controlsList controlsList=\\&quot;nodownload\\&quot; poster=\\&quot;{{poster}}\\&quot; src=\\&quot;{{src}}\\&quot; type=\\&quot;{{format}}\\&quot; &gt;  Sorry, your browser doesn&#039;t support embedded videos, &lt;a href=\\&quot;{{src}}\\&quot;&gt; download &lt;\\\/a&gt; and watch with your favorite video player! &lt;\\\/video&gt;&quot;}},&quot;inView&quot;:false,&quot;email_subject&quot;:&quot;Check out this awesome image !!&quot;,&quot;email_message&quot;:&quot;Here is the link to the image : %%image_link%% and this is the link to the gallery : %%gallery_link%%&quot;,&quot;lightbox&quot;:&quot;fancybox&quot;}\">\n\n\t\n\t<div  class=\"modula-items\">\n\t\t<div class=\"modula-item effect-pufrobo\" >\n\t<div class=\"modula-item-overlay\"><\/div>\n\n\t<div class=\"modula-item-content\">\n\n\t\t\t\t\n\t\t\t\t\t<a data-image-id=\"108317\" role=\"button\" tabindex=\"0\" rel=\"jtg-108323\" data-caption=\"\" aria-label=\"Open image in lightbox\" class=\"tile-inner modula-item-link\"><\/a>\n\t\t\n\t\t<img loading=\"lazy\" decoding=\"async\" class=\"pic wp-image-108317\"  data-valign=\"middle\" data-halign=\"center\" alt=\"\" data-full=\"https:\/\/parqueriomartin.com\/wp-content\/uploads\/foto02-noticia-limpieza-zona-estrechos-mirador-silleta-parque-cultural-rio-martin.webp\" title=\"foto02-noticia-limpieza-zona-estrechos-mirador-silleta-parque-cultural-rio-martin\" width=\"1024\" height=\"768\" src=\"https:\/\/parqueriomartin.com\/wp-content\/uploads\/foto02-noticia-limpieza-zona-estrechos-mirador-silleta-parque-cultural-rio-martin-1024x768.webp\" data-src=\"https:\/\/parqueriomartin.com\/wp-content\/uploads\/foto02-noticia-limpieza-zona-estrechos-mirador-silleta-parque-cultural-rio-martin-1024x768.webp\" data-caption=\"\" srcset=\"https:\/\/parqueriomartin.com\/wp-content\/uploads\/foto02-noticia-limpieza-zona-estrechos-mirador-silleta-parque-cultural-rio-martin.webp 1024w, https:\/\/parqueriomartin.com\/wp-content\/uploads\/foto02-noticia-limpieza-zona-estrechos-mirador-silleta-parque-cultural-rio-martin-980x735.webp 980w, https:\/\/parqueriomartin.com\/wp-content\/uploads\/foto02-noticia-limpieza-zona-estrechos-mirador-silleta-parque-cultural-rio-martin-480x360.webp 480w\" sizes=\"(min-width: 0px) and (max-width: 480px) 480px, (min-width: 481px) and (max-width: 980px) 980px, (min-width: 981px) 1024px, 100vw\" \/>\n\t\t<div class=\"figc no-description\">\n\t\t\t<div class=\"figc-inner\">\n\t\t\t\t\t\t\t\t\t\t\t\t\t\t\t<\/div>\n\t\t<\/div>\n\n\t<\/div>\n\n<\/div><div class=\"modula-item effect-pufrobo\" >\n\t<div class=\"modula-item-overlay\"><\/div>\n\n\t<div class=\"modula-item-content\">\n\n\t\t\t\t\n\t\t\t\t\t<a data-image-id=\"108314\" role=\"button\" tabindex=\"0\" rel=\"jtg-108323\" data-caption=\"\" aria-label=\"Open image in lightbox\" class=\"tile-inner modula-item-link\"><\/a>\n\t\t\n\t\t<img loading=\"lazy\" decoding=\"async\" class=\"pic wp-image-108314\"  data-valign=\"middle\" data-halign=\"center\" alt=\"\" data-full=\"https:\/\/parqueriomartin.com\/wp-content\/uploads\/foto01-noticia-limpieza-zona-estrechos-mirador-silleta-parque-cultural-rio-martin.webp\" title=\"foto01-noticia-limpieza-zona-estrechos-mirador-silleta-parque-cultural-rio-martin\" width=\"1024\" height=\"768\" src=\"https:\/\/parqueriomartin.com\/wp-content\/uploads\/foto01-noticia-limpieza-zona-estrechos-mirador-silleta-parque-cultural-rio-martin-1024x768.webp\" data-src=\"https:\/\/parqueriomartin.com\/wp-content\/uploads\/foto01-noticia-limpieza-zona-estrechos-mirador-silleta-parque-cultural-rio-martin-1024x768.webp\" data-caption=\"\" srcset=\"https:\/\/parqueriomartin.com\/wp-content\/uploads\/foto01-noticia-limpieza-zona-estrechos-mirador-silleta-parque-cultural-rio-martin.webp 1024w, https:\/\/parqueriomartin.com\/wp-content\/uploads\/foto01-noticia-limpieza-zona-estrechos-mirador-silleta-parque-cultural-rio-martin-980x735.webp 980w, https:\/\/parqueriomartin.com\/wp-content\/uploads\/foto01-noticia-limpieza-zona-estrechos-mirador-silleta-parque-cultural-rio-martin-480x360.webp 480w\" sizes=\"(min-width: 0px) and (max-width: 480px) 480px, (min-width: 481px) and (max-width: 980px) 980px, (min-width: 981px) 1024px, 100vw\" \/>\n\t\t<div class=\"figc no-description\">\n\t\t\t<div class=\"figc-inner\">\n\t\t\t\t\t\t\t\t\t\t\t\t\t\t\t<\/div>\n\t\t<\/div>\n\n\t<\/div>\n\n<\/div><div class=\"modula-item effect-pufrobo\" >\n\t<div class=\"modula-item-overlay\"><\/div>\n\n\t<div class=\"modula-item-content\">\n\n\t\t\t\t\n\t\t\t\t\t<a data-image-id=\"108308\" role=\"button\" tabindex=\"0\" rel=\"jtg-108323\" data-caption=\"\" aria-label=\"Open image in lightbox\" class=\"tile-inner modula-item-link\"><\/a>\n\t\t\n\t\t<img loading=\"lazy\" decoding=\"async\" class=\"pic wp-image-108308\"  data-valign=\"middle\" data-halign=\"center\" alt=\"\" data-full=\"https:\/\/parqueriomartin.com\/wp-content\/uploads\/foto04-noticia-limpieza-zona-estrechos-mirador-silleta-parque-cultural-rio-martin.webp\" title=\"foto04-noticia-limpieza-zona-estrechos-mirador-silleta-parque-cultural-rio-martin\" width=\"1024\" height=\"449\" src=\"https:\/\/parqueriomartin.com\/wp-content\/uploads\/foto04-noticia-limpieza-zona-estrechos-mirador-silleta-parque-cultural-rio-martin-1024x449.webp\" data-src=\"https:\/\/parqueriomartin.com\/wp-content\/uploads\/foto04-noticia-limpieza-zona-estrechos-mirador-silleta-parque-cultural-rio-martin-1024x449.webp\" data-caption=\"\" srcset=\"https:\/\/parqueriomartin.com\/wp-content\/uploads\/foto04-noticia-limpieza-zona-estrechos-mirador-silleta-parque-cultural-rio-martin-980x429.webp 980w, https:\/\/parqueriomartin.com\/wp-content\/uploads\/foto04-noticia-limpieza-zona-estrechos-mirador-silleta-parque-cultural-rio-martin-480x210.webp 480w\" sizes=\"(min-width: 0px) and (max-width: 480px) 480px, (min-width: 481px) and (max-width: 980px) 980px, (min-width: 981px) 1024px, 100vw\" \/>\n\t\t<div class=\"figc no-description\">\n\t\t\t<div class=\"figc-inner\">\n\t\t\t\t\t\t\t\t\t\t\t\t\t\t\t<\/div>\n\t\t<\/div>\n\n\t<\/div>\n\n<\/div><div class=\"modula-item effect-pufrobo\" >\n\t<div class=\"modula-item-overlay\"><\/div>\n\n\t<div class=\"modula-item-content\">\n\n\t\t\t\t\n\t\t\t\t\t<a data-image-id=\"108305\" role=\"button\" tabindex=\"0\" rel=\"jtg-108323\" data-caption=\"\" aria-label=\"Open image in lightbox\" class=\"tile-inner modula-item-link\"><\/a>\n\t\t\n\t\t<img loading=\"lazy\" decoding=\"async\" class=\"pic wp-image-108305\"  data-valign=\"middle\" data-halign=\"center\" alt=\"\" data-full=\"https:\/\/parqueriomartin.com\/wp-content\/uploads\/foto03-noticia-limpieza-zona-estrechos-mirador-silleta-parque-cultural-rio-martin.webp\" title=\"foto03-noticia-limpieza-zona-estrechos-mirador-silleta-parque-cultural-rio-martin\" width=\"1024\" height=\"768\" src=\"https:\/\/parqueriomartin.com\/wp-content\/uploads\/foto03-noticia-limpieza-zona-estrechos-mirador-silleta-parque-cultural-rio-martin-1024x768.webp\" data-src=\"https:\/\/parqueriomartin.com\/wp-content\/uploads\/foto03-noticia-limpieza-zona-estrechos-mirador-silleta-parque-cultural-rio-martin-1024x768.webp\" data-caption=\"\" srcset=\"https:\/\/parqueriomartin.com\/wp-content\/uploads\/foto03-noticia-limpieza-zona-estrechos-mirador-silleta-parque-cultural-rio-martin.webp 1024w, https:\/\/parqueriomartin.com\/wp-content\/uploads\/foto03-noticia-limpieza-zona-estrechos-mirador-silleta-parque-cultural-rio-martin-980x735.webp 980w, https:\/\/parqueriomartin.com\/wp-content\/uploads\/foto03-noticia-limpieza-zona-estrechos-mirador-silleta-parque-cultural-rio-martin-480x360.webp 480w\" sizes=\"(min-width: 0px) and (max-width: 480px) 480px, (min-width: 481px) and (max-width: 980px) 980px, (min-width: 981px) 1024px, 100vw\" \/>\n\t\t<div class=\"figc no-description\">\n\t\t\t<div class=\"figc-inner\">\n\t\t\t\t\t\t\t\t\t\t\t\t\t\t\t<\/div>\n\t\t<\/div>\n\n\t<\/div>\n\n<\/div>\t\t\n\t<\/div>\n\n\t\n\t\n\t<script type=\"application\/ld+json\">\n\t{\n\t\t\"@context\": \"http:\/\/schema.org\",\n\t\t\"@type\"   : \"ImageGallery\",\n\t\t\"id\"      : \"https:\/\/parqueriomartin.com\/fr\/travaux-dentretien-et-de-nettoyage-dans-la-zone-de-los-estrechos-et-du-mirador-de-silleta-route-de-la-valdoria-a-albalate-del-arzobispo\/\",\n\t\t\"url\"     : \"https:\/\/parqueriomartin.com\/fr\/travaux-dentretien-et-de-nettoyage-dans-la-zone-de-los-estrechos-et-du-mirador-de-silleta-route-de-la-valdoria-a-albalate-del-arzobispo\/\"\n\t}\n\n\t<\/script>\n\n\t\n<\/div>\n\n","protected":false},"excerpt":{"rendered":"<p>La r\u00e9gion du Bas-Martin dans le cadre de la subvention directe accord\u00e9e au Parc Culturel de la Rivi\u00e8re Mart\u00edn en 2023 d&rsquo;un montant de 1 000 \u20ac TTC, a collabor\u00e9 aux travaux d&rsquo;entretien r\u00e9alis\u00e9s sur le tron\u00e7on de randonn\u00e9e de la \u00ab\u00a0Ruta de los Estrechos\u00a0\u00bb affect\u00e9 par la chute d&rsquo;arbres due \u00e0 la tornade, qui [&hellip;]<\/p>\n","protected":false},"author":1,"featured_media":108322,"comment_status":"closed","ping_status":"closed","sticky":false,"template":"","format":"standard","meta":{"_acf_changed":false,"_et_pb_use_builder":"","_et_pb_old_content":"","_et_gb_content_width":"","footnotes":""},"categories":[52],"tags":[],"categorias_tipos":[114],"acf":[],"yoast_head":"<!-- This site is optimized with the Yoast SEO plugin v22.5 - https:\/\/yoast.com\/wordpress\/plugins\/seo\/ -->\n<title>Travaux d&#039;entretien et de nettoyage dans la zone de Los Estrechos et du mirador de Silleta (route de la Valdoria) \u00e0 Albalate del Arzobispo. - Parque Cultural del R\u00edo Mart\u00edn<\/title>\n<meta name=\"robots\" content=\"index, follow, max-snippet:-1, max-image-preview:large, max-video-preview:-1\" \/>\n<link rel=\"canonical\" href=\"https:\/\/parqueriomartin.com\/fr\/travaux-dentretien-et-de-nettoyage-dans-la-zone-de-los-estrechos-et-du-mirador-de-silleta-route-de-la-valdoria-a-albalate-del-arzobispo\/\" \/>\n<meta property=\"og:locale\" content=\"fr_FR\" \/>\n<meta property=\"og:type\" content=\"article\" \/>\n<meta property=\"og:title\" content=\"Travaux d&#039;entretien et de nettoyage dans la zone de Los Estrechos et du mirador de Silleta (route de la Valdoria) \u00e0 Albalate del Arzobispo. - Parque Cultural del R\u00edo Mart\u00edn\" \/>\n<meta property=\"og:description\" content=\"La r\u00e9gion du Bas-Martin dans le cadre de la subvention directe accord\u00e9e au Parc Culturel de la Rivi\u00e8re Mart\u00edn en 2023 d&rsquo;un montant de 1 000 \u20ac TTC, a collabor\u00e9 aux travaux d&rsquo;entretien r\u00e9alis\u00e9s sur le tron\u00e7on de randonn\u00e9e de la \u00ab\u00a0Ruta de los Estrechos\u00a0\u00bb affect\u00e9 par la chute d&rsquo;arbres due \u00e0 la tornade, qui [&hellip;]\" \/>\n<meta property=\"og:url\" content=\"https:\/\/parqueriomartin.com\/fr\/travaux-dentretien-et-de-nettoyage-dans-la-zone-de-los-estrechos-et-du-mirador-de-silleta-route-de-la-valdoria-a-albalate-del-arzobispo\/\" \/>\n<meta property=\"og:site_name\" content=\"Parque Cultural del R\u00edo Mart\u00edn\" \/>\n<meta property=\"article:published_time\" content=\"2023-10-04T11:43:00+00:00\" \/>\n<meta property=\"og:image\" content=\"https:\/\/parqueriomartin.com\/wp-content\/uploads\/foto-noticia-limpieza-zona-estrechos-mirador-silleta-parque-cultural-rio-martin.webp\" \/>\n\t<meta property=\"og:image:width\" content=\"2054\" \/>\n\t<meta property=\"og:image:height\" content=\"900\" \/>\n\t<meta property=\"og:image:type\" content=\"image\/webp\" \/>\n<meta name=\"author\" content=\"sedinet\" \/>\n<meta name=\"twitter:card\" content=\"summary_large_image\" \/>\n<meta name=\"twitter:label1\" content=\"\u00c9crit par\" \/>\n\t<meta name=\"twitter:data1\" content=\"sedinet\" \/>\n\t<meta name=\"twitter:label2\" content=\"Dur\u00e9e de lecture estim\u00e9e\" \/>\n\t<meta name=\"twitter:data2\" content=\"1 minute\" \/>\n<script type=\"application\/ld+json\" class=\"yoast-schema-graph\">{\"@context\":\"https:\/\/schema.org\",\"@graph\":[{\"@type\":\"WebPage\",\"@id\":\"https:\/\/parqueriomartin.com\/fr\/travaux-dentretien-et-de-nettoyage-dans-la-zone-de-los-estrechos-et-du-mirador-de-silleta-route-de-la-valdoria-a-albalate-del-arzobispo\/\",\"url\":\"https:\/\/parqueriomartin.com\/fr\/travaux-dentretien-et-de-nettoyage-dans-la-zone-de-los-estrechos-et-du-mirador-de-silleta-route-de-la-valdoria-a-albalate-del-arzobispo\/\",\"name\":\"Travaux d'entretien et de nettoyage dans la zone de Los Estrechos et du mirador de Silleta (route de la Valdoria) \u00e0 Albalate del Arzobispo. - Parque Cultural del R\u00edo Mart\u00edn\",\"isPartOf\":{\"@id\":\"https:\/\/parqueriomartin.com\/fr\/#website\"},\"primaryImageOfPage\":{\"@id\":\"https:\/\/parqueriomartin.com\/fr\/travaux-dentretien-et-de-nettoyage-dans-la-zone-de-los-estrechos-et-du-mirador-de-silleta-route-de-la-valdoria-a-albalate-del-arzobispo\/#primaryimage\"},\"image\":{\"@id\":\"https:\/\/parqueriomartin.com\/fr\/travaux-dentretien-et-de-nettoyage-dans-la-zone-de-los-estrechos-et-du-mirador-de-silleta-route-de-la-valdoria-a-albalate-del-arzobispo\/#primaryimage\"},\"thumbnailUrl\":\"https:\/\/parqueriomartin.com\/wp-content\/uploads\/foto-noticia-limpieza-zona-estrechos-mirador-silleta-parque-cultural-rio-martin.webp\",\"datePublished\":\"2023-10-04T11:43:00+00:00\",\"dateModified\":\"2023-10-04T11:43:00+00:00\",\"author\":{\"@id\":\"https:\/\/parqueriomartin.com\/fr\/#\/schema\/person\/17a5181f0a3b723d86bb41efa9bfc8f2\"},\"breadcrumb\":{\"@id\":\"https:\/\/parqueriomartin.com\/fr\/travaux-dentretien-et-de-nettoyage-dans-la-zone-de-los-estrechos-et-du-mirador-de-silleta-route-de-la-valdoria-a-albalate-del-arzobispo\/#breadcrumb\"},\"inLanguage\":\"fr-FR\",\"potentialAction\":[{\"@type\":\"ReadAction\",\"target\":[\"https:\/\/parqueriomartin.com\/fr\/travaux-dentretien-et-de-nettoyage-dans-la-zone-de-los-estrechos-et-du-mirador-de-silleta-route-de-la-valdoria-a-albalate-del-arzobispo\/\"]}]},{\"@type\":\"ImageObject\",\"inLanguage\":\"fr-FR\",\"@id\":\"https:\/\/parqueriomartin.com\/fr\/travaux-dentretien-et-de-nettoyage-dans-la-zone-de-los-estrechos-et-du-mirador-de-silleta-route-de-la-valdoria-a-albalate-del-arzobispo\/#primaryimage\",\"url\":\"https:\/\/parqueriomartin.com\/wp-content\/uploads\/foto-noticia-limpieza-zona-estrechos-mirador-silleta-parque-cultural-rio-martin.webp\",\"contentUrl\":\"https:\/\/parqueriomartin.com\/wp-content\/uploads\/foto-noticia-limpieza-zona-estrechos-mirador-silleta-parque-cultural-rio-martin.webp\",\"width\":2054,\"height\":900},{\"@type\":\"BreadcrumbList\",\"@id\":\"https:\/\/parqueriomartin.com\/fr\/travaux-dentretien-et-de-nettoyage-dans-la-zone-de-los-estrechos-et-du-mirador-de-silleta-route-de-la-valdoria-a-albalate-del-arzobispo\/#breadcrumb\",\"itemListElement\":[{\"@type\":\"ListItem\",\"position\":1,\"name\":\"Portada\",\"item\":\"https:\/\/parqueriomartin.com\/fr\/\"},{\"@type\":\"ListItem\",\"position\":2,\"name\":\"Travaux d&rsquo;entretien et de nettoyage dans la zone de Los Estrechos et du mirador de Silleta (route de la Valdoria) \u00e0 Albalate del Arzobispo.\"}]},{\"@type\":\"WebSite\",\"@id\":\"https:\/\/parqueriomartin.com\/fr\/#website\",\"url\":\"https:\/\/parqueriomartin.com\/fr\/\",\"name\":\"Parque Cultural del R\u00edo Mart\u00edn\",\"description\":\"Conoce los pueblos, las rutas, los centros de interpretaci\u00f3n, las gentes... del Parque Cultural del R\u00edo Mart\u00edn\",\"potentialAction\":[{\"@type\":\"SearchAction\",\"target\":{\"@type\":\"EntryPoint\",\"urlTemplate\":\"https:\/\/parqueriomartin.com\/fr\/?s={search_term_string}\"},\"query-input\":\"required name=search_term_string\"}],\"inLanguage\":\"fr-FR\"},{\"@type\":\"Person\",\"@id\":\"https:\/\/parqueriomartin.com\/fr\/#\/schema\/person\/17a5181f0a3b723d86bb41efa9bfc8f2\",\"name\":\"sedinet\",\"image\":{\"@type\":\"ImageObject\",\"inLanguage\":\"fr-FR\",\"@id\":\"https:\/\/parqueriomartin.com\/fr\/#\/schema\/person\/image\/\",\"url\":\"https:\/\/secure.gravatar.com\/avatar\/ad522901455cb1834b7fb0cf8bbe4a42?s=96&d=mm&r=g\",\"contentUrl\":\"https:\/\/secure.gravatar.com\/avatar\/ad522901455cb1834b7fb0cf8bbe4a42?s=96&d=mm&r=g\",\"caption\":\"sedinet\"},\"sameAs\":[\"https:\/\/parqueriomartin.com\"],\"url\":\"https:\/\/parqueriomartin.com\/fr\/author\/sedinet\/\"}]}<\/script>\n<!-- \/ Yoast SEO plugin. -->","yoast_head_json":{"title":"Travaux d'entretien et de nettoyage dans la zone de Los Estrechos et du mirador de Silleta (route de la Valdoria) \u00e0 Albalate del Arzobispo. - Parque Cultural del R\u00edo Mart\u00edn","robots":{"index":"index","follow":"follow","max-snippet":"max-snippet:-1","max-image-preview":"max-image-preview:large","max-video-preview":"max-video-preview:-1"},"canonical":"https:\/\/parqueriomartin.com\/fr\/travaux-dentretien-et-de-nettoyage-dans-la-zone-de-los-estrechos-et-du-mirador-de-silleta-route-de-la-valdoria-a-albalate-del-arzobispo\/","og_locale":"fr_FR","og_type":"article","og_title":"Travaux d'entretien et de nettoyage dans la zone de Los Estrechos et du mirador de Silleta (route de la Valdoria) \u00e0 Albalate del Arzobispo. - Parque Cultural del R\u00edo Mart\u00edn","og_description":"La r\u00e9gion du Bas-Martin dans le cadre de la subvention directe accord\u00e9e au Parc Culturel de la Rivi\u00e8re Mart\u00edn en 2023 d&rsquo;un montant de 1 000 \u20ac TTC, a collabor\u00e9 aux travaux d&rsquo;entretien r\u00e9alis\u00e9s sur le tron\u00e7on de randonn\u00e9e de la \u00ab\u00a0Ruta de los Estrechos\u00a0\u00bb affect\u00e9 par la chute d&rsquo;arbres due \u00e0 la tornade, qui [&hellip;]","og_url":"https:\/\/parqueriomartin.com\/fr\/travaux-dentretien-et-de-nettoyage-dans-la-zone-de-los-estrechos-et-du-mirador-de-silleta-route-de-la-valdoria-a-albalate-del-arzobispo\/","og_site_name":"Parque Cultural del R\u00edo Mart\u00edn","article_published_time":"2023-10-04T11:43:00+00:00","og_image":[{"width":2054,"height":900,"url":"https:\/\/parqueriomartin.com\/wp-content\/uploads\/foto-noticia-limpieza-zona-estrechos-mirador-silleta-parque-cultural-rio-martin.webp","type":"image\/webp"}],"author":"sedinet","twitter_card":"summary_large_image","twitter_misc":{"\u00c9crit par":"sedinet","Dur\u00e9e de lecture estim\u00e9e":"1 minute"},"schema":{"@context":"https:\/\/schema.org","@graph":[{"@type":"WebPage","@id":"https:\/\/parqueriomartin.com\/fr\/travaux-dentretien-et-de-nettoyage-dans-la-zone-de-los-estrechos-et-du-mirador-de-silleta-route-de-la-valdoria-a-albalate-del-arzobispo\/","url":"https:\/\/parqueriomartin.com\/fr\/travaux-dentretien-et-de-nettoyage-dans-la-zone-de-los-estrechos-et-du-mirador-de-silleta-route-de-la-valdoria-a-albalate-del-arzobispo\/","name":"Travaux d'entretien et de nettoyage dans la zone de Los Estrechos et du mirador de Silleta (route de la Valdoria) \u00e0 Albalate del Arzobispo. - Parque Cultural del R\u00edo Mart\u00edn","isPartOf":{"@id":"https:\/\/parqueriomartin.com\/fr\/#website"},"primaryImageOfPage":{"@id":"https:\/\/parqueriomartin.com\/fr\/travaux-dentretien-et-de-nettoyage-dans-la-zone-de-los-estrechos-et-du-mirador-de-silleta-route-de-la-valdoria-a-albalate-del-arzobispo\/#primaryimage"},"image":{"@id":"https:\/\/parqueriomartin.com\/fr\/travaux-dentretien-et-de-nettoyage-dans-la-zone-de-los-estrechos-et-du-mirador-de-silleta-route-de-la-valdoria-a-albalate-del-arzobispo\/#primaryimage"},"thumbnailUrl":"https:\/\/parqueriomartin.com\/wp-content\/uploads\/foto-noticia-limpieza-zona-estrechos-mirador-silleta-parque-cultural-rio-martin.webp","datePublished":"2023-10-04T11:43:00+00:00","dateModified":"2023-10-04T11:43:00+00:00","author":{"@id":"https:\/\/parqueriomartin.com\/fr\/#\/schema\/person\/17a5181f0a3b723d86bb41efa9bfc8f2"},"breadcrumb":{"@id":"https:\/\/parqueriomartin.com\/fr\/travaux-dentretien-et-de-nettoyage-dans-la-zone-de-los-estrechos-et-du-mirador-de-silleta-route-de-la-valdoria-a-albalate-del-arzobispo\/#breadcrumb"},"inLanguage":"fr-FR","potentialAction":[{"@type":"ReadAction","target":["https:\/\/parqueriomartin.com\/fr\/travaux-dentretien-et-de-nettoyage-dans-la-zone-de-los-estrechos-et-du-mirador-de-silleta-route-de-la-valdoria-a-albalate-del-arzobispo\/"]}]},{"@type":"ImageObject","inLanguage":"fr-FR","@id":"https:\/\/parqueriomartin.com\/fr\/travaux-dentretien-et-de-nettoyage-dans-la-zone-de-los-estrechos-et-du-mirador-de-silleta-route-de-la-valdoria-a-albalate-del-arzobispo\/#primaryimage","url":"https:\/\/parqueriomartin.com\/wp-content\/uploads\/foto-noticia-limpieza-zona-estrechos-mirador-silleta-parque-cultural-rio-martin.webp","contentUrl":"https:\/\/parqueriomartin.com\/wp-content\/uploads\/foto-noticia-limpieza-zona-estrechos-mirador-silleta-parque-cultural-rio-martin.webp","width":2054,"height":900},{"@type":"BreadcrumbList","@id":"https:\/\/parqueriomartin.com\/fr\/travaux-dentretien-et-de-nettoyage-dans-la-zone-de-los-estrechos-et-du-mirador-de-silleta-route-de-la-valdoria-a-albalate-del-arzobispo\/#breadcrumb","itemListElement":[{"@type":"ListItem","position":1,"name":"Portada","item":"https:\/\/parqueriomartin.com\/fr\/"},{"@type":"ListItem","position":2,"name":"Travaux d&rsquo;entretien et de nettoyage dans la zone de Los Estrechos et du mirador de Silleta (route de la Valdoria) \u00e0 Albalate del Arzobispo."}]},{"@type":"WebSite","@id":"https:\/\/parqueriomartin.com\/fr\/#website","url":"https:\/\/parqueriomartin.com\/fr\/","name":"Parque Cultural del R\u00edo Mart\u00edn","description":"Conoce los pueblos, las rutas, los centros de interpretaci\u00f3n, las gentes... del Parque Cultural del R\u00edo Mart\u00edn","potentialAction":[{"@type":"SearchAction","target":{"@type":"EntryPoint","urlTemplate":"https:\/\/parqueriomartin.com\/fr\/?s={search_term_string}"},"query-input":"required name=search_term_string"}],"inLanguage":"fr-FR"},{"@type":"Person","@id":"https:\/\/parqueriomartin.com\/fr\/#\/schema\/person\/17a5181f0a3b723d86bb41efa9bfc8f2","name":"sedinet","image":{"@type":"ImageObject","inLanguage":"fr-FR","@id":"https:\/\/parqueriomartin.com\/fr\/#\/schema\/person\/image\/","url":"https:\/\/secure.gravatar.com\/avatar\/ad522901455cb1834b7fb0cf8bbe4a42?s=96&d=mm&r=g","contentUrl":"https:\/\/secure.gravatar.com\/avatar\/ad522901455cb1834b7fb0cf8bbe4a42?s=96&d=mm&r=g","caption":"sedinet"},"sameAs":["https:\/\/parqueriomartin.com"],"url":"https:\/\/parqueriomartin.com\/fr\/author\/sedinet\/"}]}},"_links":{"self":[{"href":"https:\/\/parqueriomartin.com\/fr\/wp-json\/wp\/v2\/posts\/108327"}],"collection":[{"href":"https:\/\/parqueriomartin.com\/fr\/wp-json\/wp\/v2\/posts"}],"about":[{"href":"https:\/\/parqueriomartin.com\/fr\/wp-json\/wp\/v2\/types\/post"}],"author":[{"embeddable":true,"href":"https:\/\/parqueriomartin.com\/fr\/wp-json\/wp\/v2\/users\/1"}],"replies":[{"embeddable":true,"href":"https:\/\/parqueriomartin.com\/fr\/wp-json\/wp\/v2\/comments?post=108327"}],"version-history":[{"count":0,"href":"https:\/\/parqueriomartin.com\/fr\/wp-json\/wp\/v2\/posts\/108327\/revisions"}],"wp:featuredmedia":[{"embeddable":true,"href":"https:\/\/parqueriomartin.com\/fr\/wp-json\/wp\/v2\/media\/108322"}],"wp:attachment":[{"href":"https:\/\/parqueriomartin.com\/fr\/wp-json\/wp\/v2\/media?parent=108327"}],"wp:term":[{"taxonomy":"category","embeddable":true,"href":"https:\/\/parqueriomartin.com\/fr\/wp-json\/wp\/v2\/categories?post=108327"},{"taxonomy":"post_tag","embeddable":true,"href":"https:\/\/parqueriomartin.com\/fr\/wp-json\/wp\/v2\/tags?post=108327"},{"taxonomy":"categorias_tipos","embeddable":true,"href":"https:\/\/parqueriomartin.com\/fr\/wp-json\/wp\/v2\/categorias_tipos?post=108327"}],"curies":[{"name":"wp","href":"https:\/\/api.w.org\/{rel}","templated":true}]}}