{"id":108399,"date":"2023-11-20T16:39:53","date_gmt":"2023-11-20T16:39:53","guid":{"rendered":"https:\/\/parqueriomartin.com\/la-premiere-conference-sur-larchitecture-et-le-paysage-a-linitiative-du-programme-europeen-becultour-de-la-diputacion-foral-de-teruel-et-du-parc-culturel-de-la-riviere-martin-sest-achevee\/"},"modified":"2023-11-20T16:39:53","modified_gmt":"2023-11-20T16:39:53","slug":"la-premiere-conference-sur-larchitecture-et-le-paysage-a-linitiative-du-programme-europeen-becultour-de-la-diputacion-foral-de-teruel-et-du-parc-culturel-de-la-riviere-martin-sest-achevee","status":"publish","type":"post","link":"https:\/\/parqueriomartin.com\/fr\/la-premiere-conference-sur-larchitecture-et-le-paysage-a-linitiative-du-programme-europeen-becultour-de-la-diputacion-foral-de-teruel-et-du-parc-culturel-de-la-riviere-martin-sest-achevee\/","title":{"rendered":"La premi\u00e8re conf\u00e9rence sur l&rsquo;architecture et le paysage \u00e0 l&rsquo;initiative du programme europ\u00e9en Becultour de la Diputaci\u00f3n Foral de Teruel et du Parc culturel de la rivi\u00e8re Mart\u00edn s&rsquo;est achev\u00e9e."},"content":{"rendered":"<p>Deux week-ends intenses, avec des conf\u00e9rences, des parcours d&rsquo;interpr\u00e9tation et des travaux pratiques auxquels ont particip\u00e9 une cinquantaine de personnes, dont les inscrits aux conf\u00e9rences et les volontaires locaux, qui ont concentr\u00e9 leurs efforts sur la r\u00e9cup\u00e9ration de la petite chauss\u00e9e ou mur de sout\u00e8nement du terrain et de la s\u00e9paration ou \u00ab\u00a0fronti\u00e8re\u00a0\u00bb des aires de battage pav\u00e9es, aujourd&rsquo;hui abandonn\u00e9es. L&rsquo;une des aires de battage a \u00e9galement \u00e9t\u00e9 nettoy\u00e9e et r\u00e9cup\u00e9r\u00e9e dans le but de r\u00e9cup\u00e9rer cet espace ethnologique dans un avenir proche. Cet espace est actuellement adapt\u00e9 comme point de vue \u00e0 l&rsquo;extr\u00e9mit\u00e9 du r\u00e9servoir de Cueva Foradada.<\/p>\n<p>L&rsquo;\u00e9quipe travaille d\u00e9j\u00e0 avec les habitants d&rsquo;Alcaine pour terminer et r\u00e9cup\u00e9rer toute la zone, en nettoyant le reste des aires de battage et en reconstruisant le Peir\u00f3n de la Virgen del Rosario. Ils sont soutenus par le conseil municipal d&rsquo;Alcaine et le parc culturel de R\u00edo Mart\u00edn. Nous poursuivons.<\/p>\n<p>Nous vous laissons quelques photos d&rsquo;avant et d&rsquo;apr\u00e8s la repr\u00e9sentation et la photo de la semaine publi\u00e9e par le journaliste rural Francisco Herrero dans le Diario de Teruel, avec une l\u00e9gende \u00ab\u00a0en \u00e9quipe\u00a0\u00bb qui r\u00e9sume parfaitement le travail d\u00e9velopp\u00e9.<\/p>\n<p>&nbsp;<\/p>\n<hr>\n<style>#jtg-108368 .modula-item .jtg-social a, .lightbox-socials.jtg-social a{ fill: #ffffff; color: #ffffff }#jtg-108368 .modula-item .jtg-social-expandable a, #jtg-108368 .modula-item .jtg-social-expandable-icons a{ fill: #ffffff; color: #ffffff }#jtg-108368 .modula-item .jtg-social svg, .lightbox-socials.jtg-social svg { height: 16px; width: 16px }#jtg-108368 .modula-item .jtg-social-expandable svg { height: 16px; width: 16px }#jtg-108368 .modula-item .jtg-social-expandable-icons svg { height: 16px; width: 16px }#jtg-108368 .modula-item .jtg-social a:not(:last-child), .lightbox-socials.jtg-social a:not(:last-child) { margin-right: 10px }#jtg-108368 .modula-item .jtg-social-expandable-icons { gap: 10px }#jtg-108368 .modula-item .figc {color:#ffffff;}#jtg-108368 .modula-item .modula-item-content { transform: scale(1); }#jtg-108368 { width:100%;}#jtg-108368 .modula-items{height:400px;}@media screen and (max-width: 992px) {#jtg-108368 .modula-items{height:400px;}}@media screen and (max-width: 768px) {#jtg-108368 .modula-items{height:400px;}}#jtg-108368 .modula-items .figc p.description { font-size:14px; }#jtg-108368 .modula-items .figc p.description { color:#ffffff;}#jtg-108368.modula-gallery .modula-item > a, #jtg-108368.modula-gallery .modula-item, #jtg-108368.modula-gallery .modula-item-content > a:not(.modula-no-follow) { cursor:zoom-in; } #jtg-108368.modula-gallery .modula-item-content .modula-no-follow { cursor: default; } @media screen and (max-width:480px){#jtg-108368 .modula-item .figc .jtg-title {  font-size: 12px; }#jtg-108368 .modula-items .figc p.description { color:#ffffff;font-size:10px; }}<\/style>\n<div  id=\"jtg-108368\" class=\"modula modula-gallery modula-creative-gallery\" data-config=\"{&quot;height&quot;:400,&quot;tabletHeight&quot;:400,&quot;mobileHeight&quot;:400,&quot;desktopHeight&quot;:400,&quot;enableTwitter&quot;:false,&quot;enableWhatsapp&quot;:false,&quot;enableFacebook&quot;:false,&quot;enablePinterest&quot;:false,&quot;enableLinkedin&quot;:false,&quot;enableEmail&quot;:false,&quot;randomFactor&quot;:0.5,&quot;type&quot;:&quot;creative-gallery&quot;,&quot;columns&quot;:12,&quot;gutter&quot;:10,&quot;mobileGutter&quot;:10,&quot;tabletGutter&quot;:10,&quot;desktopGutter&quot;:10,&quot;enableResponsive&quot;:&quot;0&quot;,&quot;tabletColumns&quot;:&quot;2&quot;,&quot;mobileColumns&quot;:&quot;1&quot;,&quot;lazyLoad&quot;:0,&quot;lightboxOpts&quot;:{&quot;animated&quot;:true,&quot;Thumbs&quot;:{&quot;type&quot;:&quot;modern&quot;,&quot;showOnStart&quot;:false},&quot;Toolbar&quot;:{&quot;display&quot;:{&quot;right&quot;:[&quot;close&quot;]},&quot;enabled&quot;:true},&quot;Carousel&quot;:{&quot;Panzoom&quot;:{&quot;touch&quot;:false},&quot;infinite&quot;:false},&quot;keyboard&quot;:{&quot;Escape&quot;:&quot;close&quot;,&quot;Delete&quot;:&quot;close&quot;,&quot;Backspace&quot;:&quot;close&quot;,&quot;PageUp&quot;:false,&quot;PageDown&quot;:false,&quot;ArrowUp&quot;:false,&quot;ArrowDown&quot;:false,&quot;ArrowRight&quot;:false,&quot;ArrowLeft&quot;:false},&quot;touch&quot;:false,&quot;backdropClick&quot;:false,&quot;l10n&quot;:{&quot;CLOSE&quot;:&quot;Close&quot;,&quot;NEXT&quot;:&quot;Next&quot;,&quot;PREV&quot;:&quot;Previous&quot;,&quot;Error&quot;:&quot;The requested content cannot be loaded. Please try again later.&quot;,&quot;PLAY_START&quot;:&quot;Start slideshow&quot;,&quot;PLAY_STOP&quot;:&quot;Pause slideshow&quot;,&quot;FULL_SCREEN&quot;:&quot;Full screen&quot;,&quot;THUMBS&quot;:&quot;Thumbnails&quot;,&quot;DOWNLOAD&quot;:&quot;Download&quot;,&quot;SHARE&quot;:&quot;Share&quot;,&quot;ZOOM&quot;:&quot;Zoom&quot;,&quot;EMAIL&quot;:&quot;Here is the link to the image : %%image_link%% and this is the link to the gallery : %%gallery_link%%&quot;,&quot;MODAL&quot;:&quot;You can close this modal content with the ESC key&quot;,&quot;ERROR&quot;:&quot;Something Went Wrong, Please Try Again Later&quot;,&quot;IMAGE_ERROR&quot;:&quot;Image Not Found&quot;,&quot;ELEMENT_NOT_FOUND&quot;:&quot;HTML Element Not Found&quot;,&quot;AJAX_NOT_FOUND&quot;:&quot;Error Loading AJAX : Not Found&quot;,&quot;AJAX_FORBIDDEN&quot;:&quot;Error Loading AJAX : Forbidden&quot;,&quot;IFRAME_ERROR&quot;:&quot;Error Loading Page&quot;,&quot;TOGGLE_ZOOM&quot;:&quot;Toggle zoom level&quot;,&quot;TOGGLE_THUMBS&quot;:&quot;Toggle thumbnails&quot;,&quot;TOGGLE_SLIDESHOW&quot;:&quot;Toggle slideshow&quot;,&quot;TOGGLE_FULLSCREEN&quot;:&quot;Toggle full-screen mode&quot;},&quot;Images&quot;:{&quot;Panzoom&quot;:{&quot;maxScale&quot;:2}},&quot;mainClass&quot;:&quot;modula-fancybox-container modula-lightbox-jtg-108368&quot;,&quot;Html&quot;:{&quot;videoAutoplay&quot;:0,&quot;videoTpl&quot;:&quot;&lt;video class=\\&quot;fancybox__html5video\\&quot; controls muted playsinline controlsList controlsList=\\&quot;nodownload\\&quot; poster=\\&quot;{{poster}}\\&quot; src=\\&quot;{{src}}\\&quot; type=\\&quot;{{format}}\\&quot; &gt;  Sorry, your browser doesn&#039;t support embedded videos, &lt;a href=\\&quot;{{src}}\\&quot;&gt; download &lt;\\\/a&gt; and watch with your favorite video player! &lt;\\\/video&gt;&quot;}},&quot;inView&quot;:false,&quot;email_subject&quot;:&quot;Check out this awesome image !!&quot;,&quot;email_message&quot;:&quot;Here is the link to the image : %%image_link%% and this is the link to the gallery : %%gallery_link%%&quot;,&quot;lightbox&quot;:&quot;fancybox&quot;}\">\n\n\t\n\t<div  class=\"modula-items\">\n\t\t<div class=\"modula-item effect-pufrobo\" >\n\t<div class=\"modula-item-overlay\"><\/div>\n\n\t<div class=\"modula-item-content\">\n\n\t\t\t\t\n\t\t\t\t\t<a data-image-id=\"108369\" role=\"button\" tabindex=\"0\" rel=\"jtg-108368\" data-caption=\"\" aria-label=\"Open image in lightbox\" class=\"tile-inner modula-item-link\"><\/a>\n\t\t\n\t\t<img loading=\"lazy\" decoding=\"async\" class=\"pic wp-image-108369\"  data-valign=\"middle\" data-halign=\"center\" alt=\"\" data-full=\"https:\/\/parqueriomartin.com\/wp-content\/uploads\/foto05-noticia-i-jornadas-arquitectura-paisaje-parque-cultural-rio-martin.webp\" title=\"foto05-noticia-i-jornadas-arquitectura-paisaje-parque-cultural-rio-martin\" width=\"1024\" height=\"768\" src=\"https:\/\/parqueriomartin.com\/wp-content\/uploads\/foto05-noticia-i-jornadas-arquitectura-paisaje-parque-cultural-rio-martin-1024x768.webp\" data-src=\"https:\/\/parqueriomartin.com\/wp-content\/uploads\/foto05-noticia-i-jornadas-arquitectura-paisaje-parque-cultural-rio-martin-1024x768.webp\" data-caption=\"\" srcset=\"https:\/\/parqueriomartin.com\/wp-content\/uploads\/foto05-noticia-i-jornadas-arquitectura-paisaje-parque-cultural-rio-martin.webp 1024w, https:\/\/parqueriomartin.com\/wp-content\/uploads\/foto05-noticia-i-jornadas-arquitectura-paisaje-parque-cultural-rio-martin-980x735.webp 980w, https:\/\/parqueriomartin.com\/wp-content\/uploads\/foto05-noticia-i-jornadas-arquitectura-paisaje-parque-cultural-rio-martin-480x360.webp 480w\" sizes=\"(min-width: 0px) and (max-width: 480px) 480px, (min-width: 481px) and (max-width: 980px) 980px, (min-width: 981px) 1024px, 100vw\" \/>\n\t\t<div class=\"figc no-description\">\n\t\t\t<div class=\"figc-inner\">\n\t\t\t\t\t\t\t\t\t\t\t\t\t\t\t<\/div>\n\t\t<\/div>\n\n\t<\/div>\n\n<\/div><div class=\"modula-item effect-pufrobo\" >\n\t<div class=\"modula-item-overlay\"><\/div>\n\n\t<div class=\"modula-item-content\">\n\n\t\t\t\t\n\t\t\t\t\t<a data-image-id=\"108372\" role=\"button\" tabindex=\"0\" rel=\"jtg-108368\" data-caption=\"\" aria-label=\"Open image in lightbox\" class=\"tile-inner modula-item-link\"><\/a>\n\t\t\n\t\t<img loading=\"lazy\" decoding=\"async\" class=\"pic wp-image-108372\"  data-valign=\"middle\" data-halign=\"center\" alt=\"\" data-full=\"https:\/\/parqueriomartin.com\/wp-content\/uploads\/foto06-noticia-i-jornadas-arquitectura-paisaje-parque-cultural-rio-martin.webp\" title=\"foto06-noticia-i-jornadas-arquitectura-paisaje-parque-cultural-rio-martin\" width=\"1024\" height=\"418\" src=\"https:\/\/parqueriomartin.com\/wp-content\/uploads\/foto06-noticia-i-jornadas-arquitectura-paisaje-parque-cultural-rio-martin-1024x418.webp\" data-src=\"https:\/\/parqueriomartin.com\/wp-content\/uploads\/foto06-noticia-i-jornadas-arquitectura-paisaje-parque-cultural-rio-martin-1024x418.webp\" data-caption=\"\" srcset=\"https:\/\/parqueriomartin.com\/wp-content\/uploads\/foto06-noticia-i-jornadas-arquitectura-paisaje-parque-cultural-rio-martin-980x400.webp 980w, https:\/\/parqueriomartin.com\/wp-content\/uploads\/foto06-noticia-i-jornadas-arquitectura-paisaje-parque-cultural-rio-martin-480x196.webp 480w\" sizes=\"(min-width: 0px) and (max-width: 480px) 480px, (min-width: 481px) and (max-width: 980px) 980px, (min-width: 981px) 1024px, 100vw\" \/>\n\t\t<div class=\"figc no-description\">\n\t\t\t<div class=\"figc-inner\">\n\t\t\t\t\t\t\t\t\t\t\t\t\t\t\t<\/div>\n\t\t<\/div>\n\n\t<\/div>\n\n<\/div><div class=\"modula-item effect-pufrobo\" >\n\t<div class=\"modula-item-overlay\"><\/div>\n\n\t<div class=\"modula-item-content\">\n\n\t\t\t\t\n\t\t\t\t\t<a data-image-id=\"108375\" role=\"button\" tabindex=\"0\" rel=\"jtg-108368\" data-caption=\"\" aria-label=\"Open image in lightbox\" class=\"tile-inner modula-item-link\"><\/a>\n\t\t\n\t\t<img loading=\"lazy\" decoding=\"async\" class=\"pic wp-image-108375\"  data-valign=\"middle\" data-halign=\"center\" alt=\"\" data-full=\"https:\/\/parqueriomartin.com\/wp-content\/uploads\/foto07-noticia-i-jornadas-arquitectura-paisaje-parque-cultural-rio-martin.webp\" title=\"foto07-noticia-i-jornadas-arquitectura-paisaje-parque-cultural-rio-martin\" width=\"1024\" height=\"813\" src=\"https:\/\/parqueriomartin.com\/wp-content\/uploads\/foto07-noticia-i-jornadas-arquitectura-paisaje-parque-cultural-rio-martin-1024x813.webp\" data-src=\"https:\/\/parqueriomartin.com\/wp-content\/uploads\/foto07-noticia-i-jornadas-arquitectura-paisaje-parque-cultural-rio-martin-1024x813.webp\" data-caption=\"\" srcset=\"https:\/\/parqueriomartin.com\/wp-content\/uploads\/foto07-noticia-i-jornadas-arquitectura-paisaje-parque-cultural-rio-martin.webp 1024w, https:\/\/parqueriomartin.com\/wp-content\/uploads\/foto07-noticia-i-jornadas-arquitectura-paisaje-parque-cultural-rio-martin-980x778.webp 980w, https:\/\/parqueriomartin.com\/wp-content\/uploads\/foto07-noticia-i-jornadas-arquitectura-paisaje-parque-cultural-rio-martin-480x381.webp 480w\" sizes=\"(min-width: 0px) and (max-width: 480px) 480px, (min-width: 481px) and (max-width: 980px) 980px, (min-width: 981px) 1024px, 100vw\" \/>\n\t\t<div class=\"figc no-description\">\n\t\t\t<div class=\"figc-inner\">\n\t\t\t\t\t\t\t\t\t\t\t\t\t\t\t<\/div>\n\t\t<\/div>\n\n\t<\/div>\n\n<\/div><div class=\"modula-item effect-pufrobo\" >\n\t<div class=\"modula-item-overlay\"><\/div>\n\n\t<div class=\"modula-item-content\">\n\n\t\t\t\t\n\t\t\t\t\t<a data-image-id=\"108378\" role=\"button\" tabindex=\"0\" rel=\"jtg-108368\" data-caption=\"\" aria-label=\"Open image in lightbox\" class=\"tile-inner modula-item-link\"><\/a>\n\t\t\n\t\t<img loading=\"lazy\" decoding=\"async\" class=\"pic wp-image-108378\"  data-valign=\"middle\" data-halign=\"center\" alt=\"\" data-full=\"https:\/\/parqueriomartin.com\/wp-content\/uploads\/foto08-noticia-i-jornadas-arquitectura-paisaje-parque-cultural-rio-martin.webp\" title=\"foto08-noticia-i-jornadas-arquitectura-paisaje-parque-cultural-rio-martin\" width=\"1024\" height=\"768\" src=\"https:\/\/parqueriomartin.com\/wp-content\/uploads\/foto08-noticia-i-jornadas-arquitectura-paisaje-parque-cultural-rio-martin-1024x768.webp\" data-src=\"https:\/\/parqueriomartin.com\/wp-content\/uploads\/foto08-noticia-i-jornadas-arquitectura-paisaje-parque-cultural-rio-martin-1024x768.webp\" data-caption=\"\" srcset=\"https:\/\/parqueriomartin.com\/wp-content\/uploads\/foto08-noticia-i-jornadas-arquitectura-paisaje-parque-cultural-rio-martin.webp 1024w, https:\/\/parqueriomartin.com\/wp-content\/uploads\/foto08-noticia-i-jornadas-arquitectura-paisaje-parque-cultural-rio-martin-980x735.webp 980w, https:\/\/parqueriomartin.com\/wp-content\/uploads\/foto08-noticia-i-jornadas-arquitectura-paisaje-parque-cultural-rio-martin-480x360.webp 480w\" sizes=\"(min-width: 0px) and (max-width: 480px) 480px, (min-width: 481px) and (max-width: 980px) 980px, (min-width: 981px) 1024px, 100vw\" \/>\n\t\t<div class=\"figc no-description\">\n\t\t\t<div class=\"figc-inner\">\n\t\t\t\t\t\t\t\t\t\t\t\t\t\t\t<\/div>\n\t\t<\/div>\n\n\t<\/div>\n\n<\/div><div class=\"modula-item effect-pufrobo\" >\n\t<div class=\"modula-item-overlay\"><\/div>\n\n\t<div class=\"modula-item-content\">\n\n\t\t\t\t\n\t\t\t\t\t<a data-image-id=\"108381\" role=\"button\" tabindex=\"0\" rel=\"jtg-108368\" data-caption=\"\" aria-label=\"Open image in lightbox\" class=\"tile-inner modula-item-link\"><\/a>\n\t\t\n\t\t<img loading=\"lazy\" decoding=\"async\" class=\"pic wp-image-108381\"  data-valign=\"middle\" data-halign=\"center\" alt=\"\" data-full=\"https:\/\/parqueriomartin.com\/wp-content\/uploads\/foto01-noticia-i-jornadas-arquitectura-paisaje-parque-cultural-rio-martin.webp\" title=\"foto01-noticia-i-jornadas-arquitectura-paisaje-parque-cultural-rio-martin\" width=\"1024\" height=\"768\" src=\"https:\/\/parqueriomartin.com\/wp-content\/uploads\/foto01-noticia-i-jornadas-arquitectura-paisaje-parque-cultural-rio-martin-1024x768.webp\" data-src=\"https:\/\/parqueriomartin.com\/wp-content\/uploads\/foto01-noticia-i-jornadas-arquitectura-paisaje-parque-cultural-rio-martin-1024x768.webp\" data-caption=\"\" srcset=\"https:\/\/parqueriomartin.com\/wp-content\/uploads\/foto01-noticia-i-jornadas-arquitectura-paisaje-parque-cultural-rio-martin.webp 1024w, https:\/\/parqueriomartin.com\/wp-content\/uploads\/foto01-noticia-i-jornadas-arquitectura-paisaje-parque-cultural-rio-martin-980x735.webp 980w, https:\/\/parqueriomartin.com\/wp-content\/uploads\/foto01-noticia-i-jornadas-arquitectura-paisaje-parque-cultural-rio-martin-480x360.webp 480w\" sizes=\"(min-width: 0px) and (max-width: 480px) 480px, (min-width: 481px) and (max-width: 980px) 980px, (min-width: 981px) 1024px, 100vw\" \/>\n\t\t<div class=\"figc no-description\">\n\t\t\t<div class=\"figc-inner\">\n\t\t\t\t\t\t\t\t\t\t\t\t\t\t\t<\/div>\n\t\t<\/div>\n\n\t<\/div>\n\n<\/div><div class=\"modula-item effect-pufrobo\" >\n\t<div class=\"modula-item-overlay\"><\/div>\n\n\t<div class=\"modula-item-content\">\n\n\t\t\t\t\n\t\t\t\t\t<a data-image-id=\"108384\" role=\"button\" tabindex=\"0\" rel=\"jtg-108368\" data-caption=\"\" aria-label=\"Open image in lightbox\" class=\"tile-inner modula-item-link\"><\/a>\n\t\t\n\t\t<img loading=\"lazy\" decoding=\"async\" class=\"pic wp-image-108384\"  data-valign=\"middle\" data-halign=\"center\" alt=\"\" data-full=\"https:\/\/parqueriomartin.com\/wp-content\/uploads\/foto02-noticia-i-jornadas-arquitectura-paisaje-parque-cultural-rio-martin.webp\" title=\"foto02-noticia-i-jornadas-arquitectura-paisaje-parque-cultural-rio-martin\" width=\"1024\" height=\"768\" src=\"https:\/\/parqueriomartin.com\/wp-content\/uploads\/foto02-noticia-i-jornadas-arquitectura-paisaje-parque-cultural-rio-martin-1024x768.webp\" data-src=\"https:\/\/parqueriomartin.com\/wp-content\/uploads\/foto02-noticia-i-jornadas-arquitectura-paisaje-parque-cultural-rio-martin-1024x768.webp\" data-caption=\"\" srcset=\"https:\/\/parqueriomartin.com\/wp-content\/uploads\/foto02-noticia-i-jornadas-arquitectura-paisaje-parque-cultural-rio-martin.webp 1024w, https:\/\/parqueriomartin.com\/wp-content\/uploads\/foto02-noticia-i-jornadas-arquitectura-paisaje-parque-cultural-rio-martin-980x735.webp 980w, https:\/\/parqueriomartin.com\/wp-content\/uploads\/foto02-noticia-i-jornadas-arquitectura-paisaje-parque-cultural-rio-martin-480x360.webp 480w\" sizes=\"(min-width: 0px) and (max-width: 480px) 480px, (min-width: 481px) and (max-width: 980px) 980px, (min-width: 981px) 1024px, 100vw\" \/>\n\t\t<div class=\"figc no-description\">\n\t\t\t<div class=\"figc-inner\">\n\t\t\t\t\t\t\t\t\t\t\t\t\t\t\t<\/div>\n\t\t<\/div>\n\n\t<\/div>\n\n<\/div><div class=\"modula-item effect-pufrobo\" >\n\t<div class=\"modula-item-overlay\"><\/div>\n\n\t<div class=\"modula-item-content\">\n\n\t\t\t\t\n\t\t\t\t\t<a data-image-id=\"108387\" role=\"button\" tabindex=\"0\" rel=\"jtg-108368\" data-caption=\"\" aria-label=\"Open image in lightbox\" class=\"tile-inner modula-item-link\"><\/a>\n\t\t\n\t\t<img loading=\"lazy\" decoding=\"async\" class=\"pic wp-image-108387\"  data-valign=\"middle\" data-halign=\"center\" alt=\"\" data-full=\"https:\/\/parqueriomartin.com\/wp-content\/uploads\/foto03-noticia-i-jornadas-arquitectura-paisaje-parque-cultural-rio-martin.webp\" title=\"foto03-noticia-i-jornadas-arquitectura-paisaje-parque-cultural-rio-martin\" width=\"1024\" height=\"729\" src=\"https:\/\/parqueriomartin.com\/wp-content\/uploads\/foto03-noticia-i-jornadas-arquitectura-paisaje-parque-cultural-rio-martin-1024x729.webp\" data-src=\"https:\/\/parqueriomartin.com\/wp-content\/uploads\/foto03-noticia-i-jornadas-arquitectura-paisaje-parque-cultural-rio-martin-1024x729.webp\" data-caption=\"\" srcset=\"https:\/\/parqueriomartin.com\/wp-content\/uploads\/foto03-noticia-i-jornadas-arquitectura-paisaje-parque-cultural-rio-martin.webp 1024w, https:\/\/parqueriomartin.com\/wp-content\/uploads\/foto03-noticia-i-jornadas-arquitectura-paisaje-parque-cultural-rio-martin-980x698.webp 980w, https:\/\/parqueriomartin.com\/wp-content\/uploads\/foto03-noticia-i-jornadas-arquitectura-paisaje-parque-cultural-rio-martin-480x342.webp 480w\" sizes=\"(min-width: 0px) and (max-width: 480px) 480px, (min-width: 481px) and (max-width: 980px) 980px, (min-width: 981px) 1024px, 100vw\" \/>\n\t\t<div class=\"figc no-description\">\n\t\t\t<div class=\"figc-inner\">\n\t\t\t\t\t\t\t\t\t\t\t\t\t\t\t<\/div>\n\t\t<\/div>\n\n\t<\/div>\n\n<\/div><div class=\"modula-item effect-pufrobo\" >\n\t<div class=\"modula-item-overlay\"><\/div>\n\n\t<div class=\"modula-item-content\">\n\n\t\t\t\t\n\t\t\t\t\t<a data-image-id=\"108390\" role=\"button\" tabindex=\"0\" rel=\"jtg-108368\" data-caption=\"\" aria-label=\"Open image in lightbox\" class=\"tile-inner modula-item-link\"><\/a>\n\t\t\n\t\t<img loading=\"lazy\" decoding=\"async\" class=\"pic wp-image-108390\"  data-valign=\"middle\" data-halign=\"center\" alt=\"\" data-full=\"https:\/\/parqueriomartin.com\/wp-content\/uploads\/foto04-noticia-i-jornadas-arquitectura-paisaje-parque-cultural-rio-martin.webp\" title=\"foto04-noticia-i-jornadas-arquitectura-paisaje-parque-cultural-rio-martin\" width=\"1024\" height=\"553\" src=\"https:\/\/parqueriomartin.com\/wp-content\/uploads\/foto04-noticia-i-jornadas-arquitectura-paisaje-parque-cultural-rio-martin-1024x553.webp\" data-src=\"https:\/\/parqueriomartin.com\/wp-content\/uploads\/foto04-noticia-i-jornadas-arquitectura-paisaje-parque-cultural-rio-martin-1024x553.webp\" data-caption=\"\" srcset=\"https:\/\/parqueriomartin.com\/wp-content\/uploads\/foto04-noticia-i-jornadas-arquitectura-paisaje-parque-cultural-rio-martin-980x529.webp 980w, https:\/\/parqueriomartin.com\/wp-content\/uploads\/foto04-noticia-i-jornadas-arquitectura-paisaje-parque-cultural-rio-martin-480x259.webp 480w\" sizes=\"(min-width: 0px) and (max-width: 480px) 480px, (min-width: 481px) and (max-width: 980px) 980px, (min-width: 981px) 1024px, 100vw\" \/>\n\t\t<div class=\"figc no-description\">\n\t\t\t<div class=\"figc-inner\">\n\t\t\t\t\t\t\t\t\t\t\t\t\t\t\t<\/div>\n\t\t<\/div>\n\n\t<\/div>\n\n<\/div>\t\t\n\t<\/div>\n\n\t\n\t\n\t<script type=\"application\/ld+json\">\n\t{\n\t\t\"@context\": \"http:\/\/schema.org\",\n\t\t\"@type\"   : \"ImageGallery\",\n\t\t\"id\"      : \"https:\/\/parqueriomartin.com\/fr\/la-premiere-conference-sur-larchitecture-et-le-paysage-a-linitiative-du-programme-europeen-becultour-de-la-diputacion-foral-de-teruel-et-du-parc-culturel-de-la-riviere-martin-sest-achevee\/\",\n\t\t\"url\"     : \"https:\/\/parqueriomartin.com\/fr\/la-premiere-conference-sur-larchitecture-et-le-paysage-a-linitiative-du-programme-europeen-becultour-de-la-diputacion-foral-de-teruel-et-du-parc-culturel-de-la-riviere-martin-sest-achevee\/\"\n\t}\n\n\t<\/script>\n\n\t\n<\/div>\n\n","protected":false},"excerpt":{"rendered":"<p>Deux week-ends intenses, avec des conf\u00e9rences, des parcours d&rsquo;interpr\u00e9tation et des travaux pratiques auxquels ont particip\u00e9 une cinquantaine de personnes, dont les inscrits aux conf\u00e9rences et les volontaires locaux, qui ont concentr\u00e9 leurs efforts sur la r\u00e9cup\u00e9ration de la petite chauss\u00e9e ou mur de sout\u00e8nement du terrain et de la s\u00e9paration ou \u00ab\u00a0fronti\u00e8re\u00a0\u00bb des aires [&hellip;]<\/p>\n","protected":false},"author":1,"featured_media":108395,"comment_status":"closed","ping_status":"closed","sticky":false,"template":"","format":"standard","meta":{"_acf_changed":false,"_et_pb_use_builder":"","_et_pb_old_content":"","_et_gb_content_width":"","footnotes":""},"categories":[52],"tags":[],"categorias_tipos":[114],"acf":[],"yoast_head":"<!-- This site is optimized with the Yoast SEO plugin v22.5 - https:\/\/yoast.com\/wordpress\/plugins\/seo\/ -->\n<title>La premi\u00e8re conf\u00e9rence sur l&#039;architecture et le paysage \u00e0 l&#039;initiative du programme europ\u00e9en Becultour de la Diputaci\u00f3n Foral de Teruel et du Parc culturel de la rivi\u00e8re Mart\u00edn s&#039;est achev\u00e9e. - Parque Cultural del R\u00edo Mart\u00edn<\/title>\n<meta name=\"robots\" content=\"index, follow, max-snippet:-1, max-image-preview:large, max-video-preview:-1\" \/>\n<link rel=\"canonical\" href=\"https:\/\/parqueriomartin.com\/fr\/la-premiere-conference-sur-larchitecture-et-le-paysage-a-linitiative-du-programme-europeen-becultour-de-la-diputacion-foral-de-teruel-et-du-parc-culturel-de-la-riviere-martin-sest-achevee\/\" \/>\n<meta property=\"og:locale\" content=\"fr_FR\" \/>\n<meta property=\"og:type\" content=\"article\" \/>\n<meta property=\"og:title\" content=\"La premi\u00e8re conf\u00e9rence sur l&#039;architecture et le paysage \u00e0 l&#039;initiative du programme europ\u00e9en Becultour de la Diputaci\u00f3n Foral de Teruel et du Parc culturel de la rivi\u00e8re Mart\u00edn s&#039;est achev\u00e9e. - Parque Cultural del R\u00edo Mart\u00edn\" \/>\n<meta property=\"og:description\" content=\"Deux week-ends intenses, avec des conf\u00e9rences, des parcours d&rsquo;interpr\u00e9tation et des travaux pratiques auxquels ont particip\u00e9 une cinquantaine de personnes, dont les inscrits aux conf\u00e9rences et les volontaires locaux, qui ont concentr\u00e9 leurs efforts sur la r\u00e9cup\u00e9ration de la petite chauss\u00e9e ou mur de sout\u00e8nement du terrain et de la s\u00e9paration ou \u00ab\u00a0fronti\u00e8re\u00a0\u00bb des aires [&hellip;]\" \/>\n<meta property=\"og:url\" content=\"https:\/\/parqueriomartin.com\/fr\/la-premiere-conference-sur-larchitecture-et-le-paysage-a-linitiative-du-programme-europeen-becultour-de-la-diputacion-foral-de-teruel-et-du-parc-culturel-de-la-riviere-martin-sest-achevee\/\" \/>\n<meta property=\"og:site_name\" content=\"Parque Cultural del R\u00edo Mart\u00edn\" \/>\n<meta property=\"article:published_time\" content=\"2023-11-20T16:39:53+00:00\" \/>\n<meta property=\"og:image\" content=\"https:\/\/parqueriomartin.com\/wp-content\/uploads\/foto-noticia-i-jornadas-arquitectura-paisaje-parque-cultural-rio-martin.webp\" \/>\n\t<meta property=\"og:image:width\" content=\"1200\" \/>\n\t<meta property=\"og:image:height\" content=\"610\" \/>\n\t<meta property=\"og:image:type\" content=\"image\/webp\" \/>\n<meta name=\"author\" content=\"sedinet\" \/>\n<meta name=\"twitter:card\" content=\"summary_large_image\" \/>\n<meta name=\"twitter:label1\" content=\"\u00c9crit par\" \/>\n\t<meta name=\"twitter:data1\" content=\"sedinet\" \/>\n\t<meta name=\"twitter:label2\" content=\"Dur\u00e9e de lecture estim\u00e9e\" \/>\n\t<meta name=\"twitter:data2\" content=\"1 minute\" \/>\n<script type=\"application\/ld+json\" class=\"yoast-schema-graph\">{\"@context\":\"https:\/\/schema.org\",\"@graph\":[{\"@type\":\"WebPage\",\"@id\":\"https:\/\/parqueriomartin.com\/fr\/la-premiere-conference-sur-larchitecture-et-le-paysage-a-linitiative-du-programme-europeen-becultour-de-la-diputacion-foral-de-teruel-et-du-parc-culturel-de-la-riviere-martin-sest-achevee\/\",\"url\":\"https:\/\/parqueriomartin.com\/fr\/la-premiere-conference-sur-larchitecture-et-le-paysage-a-linitiative-du-programme-europeen-becultour-de-la-diputacion-foral-de-teruel-et-du-parc-culturel-de-la-riviere-martin-sest-achevee\/\",\"name\":\"La premi\u00e8re conf\u00e9rence sur l'architecture et le paysage \u00e0 l'initiative du programme europ\u00e9en Becultour de la Diputaci\u00f3n Foral de Teruel et du Parc culturel de la rivi\u00e8re Mart\u00edn s'est achev\u00e9e. - Parque Cultural del R\u00edo Mart\u00edn\",\"isPartOf\":{\"@id\":\"https:\/\/parqueriomartin.com\/fr\/#website\"},\"primaryImageOfPage\":{\"@id\":\"https:\/\/parqueriomartin.com\/fr\/la-premiere-conference-sur-larchitecture-et-le-paysage-a-linitiative-du-programme-europeen-becultour-de-la-diputacion-foral-de-teruel-et-du-parc-culturel-de-la-riviere-martin-sest-achevee\/#primaryimage\"},\"image\":{\"@id\":\"https:\/\/parqueriomartin.com\/fr\/la-premiere-conference-sur-larchitecture-et-le-paysage-a-linitiative-du-programme-europeen-becultour-de-la-diputacion-foral-de-teruel-et-du-parc-culturel-de-la-riviere-martin-sest-achevee\/#primaryimage\"},\"thumbnailUrl\":\"https:\/\/parqueriomartin.com\/wp-content\/uploads\/foto-noticia-i-jornadas-arquitectura-paisaje-parque-cultural-rio-martin.webp\",\"datePublished\":\"2023-11-20T16:39:53+00:00\",\"dateModified\":\"2023-11-20T16:39:53+00:00\",\"author\":{\"@id\":\"https:\/\/parqueriomartin.com\/fr\/#\/schema\/person\/17a5181f0a3b723d86bb41efa9bfc8f2\"},\"breadcrumb\":{\"@id\":\"https:\/\/parqueriomartin.com\/fr\/la-premiere-conference-sur-larchitecture-et-le-paysage-a-linitiative-du-programme-europeen-becultour-de-la-diputacion-foral-de-teruel-et-du-parc-culturel-de-la-riviere-martin-sest-achevee\/#breadcrumb\"},\"inLanguage\":\"fr-FR\",\"potentialAction\":[{\"@type\":\"ReadAction\",\"target\":[\"https:\/\/parqueriomartin.com\/fr\/la-premiere-conference-sur-larchitecture-et-le-paysage-a-linitiative-du-programme-europeen-becultour-de-la-diputacion-foral-de-teruel-et-du-parc-culturel-de-la-riviere-martin-sest-achevee\/\"]}]},{\"@type\":\"ImageObject\",\"inLanguage\":\"fr-FR\",\"@id\":\"https:\/\/parqueriomartin.com\/fr\/la-premiere-conference-sur-larchitecture-et-le-paysage-a-linitiative-du-programme-europeen-becultour-de-la-diputacion-foral-de-teruel-et-du-parc-culturel-de-la-riviere-martin-sest-achevee\/#primaryimage\",\"url\":\"https:\/\/parqueriomartin.com\/wp-content\/uploads\/foto-noticia-i-jornadas-arquitectura-paisaje-parque-cultural-rio-martin.webp\",\"contentUrl\":\"https:\/\/parqueriomartin.com\/wp-content\/uploads\/foto-noticia-i-jornadas-arquitectura-paisaje-parque-cultural-rio-martin.webp\",\"width\":1200,\"height\":610},{\"@type\":\"BreadcrumbList\",\"@id\":\"https:\/\/parqueriomartin.com\/fr\/la-premiere-conference-sur-larchitecture-et-le-paysage-a-linitiative-du-programme-europeen-becultour-de-la-diputacion-foral-de-teruel-et-du-parc-culturel-de-la-riviere-martin-sest-achevee\/#breadcrumb\",\"itemListElement\":[{\"@type\":\"ListItem\",\"position\":1,\"name\":\"Portada\",\"item\":\"https:\/\/parqueriomartin.com\/fr\/\"},{\"@type\":\"ListItem\",\"position\":2,\"name\":\"La premi\u00e8re conf\u00e9rence sur l&rsquo;architecture et le paysage \u00e0 l&rsquo;initiative du programme europ\u00e9en Becultour de la Diputaci\u00f3n Foral de Teruel et du Parc culturel de la rivi\u00e8re Mart\u00edn s&rsquo;est achev\u00e9e.\"}]},{\"@type\":\"WebSite\",\"@id\":\"https:\/\/parqueriomartin.com\/fr\/#website\",\"url\":\"https:\/\/parqueriomartin.com\/fr\/\",\"name\":\"Parque Cultural del R\u00edo Mart\u00edn\",\"description\":\"Conoce los pueblos, las rutas, los centros de interpretaci\u00f3n, las gentes... del Parque Cultural del R\u00edo Mart\u00edn\",\"potentialAction\":[{\"@type\":\"SearchAction\",\"target\":{\"@type\":\"EntryPoint\",\"urlTemplate\":\"https:\/\/parqueriomartin.com\/fr\/?s={search_term_string}\"},\"query-input\":\"required name=search_term_string\"}],\"inLanguage\":\"fr-FR\"},{\"@type\":\"Person\",\"@id\":\"https:\/\/parqueriomartin.com\/fr\/#\/schema\/person\/17a5181f0a3b723d86bb41efa9bfc8f2\",\"name\":\"sedinet\",\"image\":{\"@type\":\"ImageObject\",\"inLanguage\":\"fr-FR\",\"@id\":\"https:\/\/parqueriomartin.com\/fr\/#\/schema\/person\/image\/\",\"url\":\"https:\/\/secure.gravatar.com\/avatar\/ad522901455cb1834b7fb0cf8bbe4a42?s=96&d=mm&r=g\",\"contentUrl\":\"https:\/\/secure.gravatar.com\/avatar\/ad522901455cb1834b7fb0cf8bbe4a42?s=96&d=mm&r=g\",\"caption\":\"sedinet\"},\"sameAs\":[\"https:\/\/parqueriomartin.com\"],\"url\":\"https:\/\/parqueriomartin.com\/fr\/author\/sedinet\/\"}]}<\/script>\n<!-- \/ Yoast SEO plugin. -->","yoast_head_json":{"title":"La premi\u00e8re conf\u00e9rence sur l'architecture et le paysage \u00e0 l'initiative du programme europ\u00e9en Becultour de la Diputaci\u00f3n Foral de Teruel et du Parc culturel de la rivi\u00e8re Mart\u00edn s'est achev\u00e9e. - Parque Cultural del R\u00edo Mart\u00edn","robots":{"index":"index","follow":"follow","max-snippet":"max-snippet:-1","max-image-preview":"max-image-preview:large","max-video-preview":"max-video-preview:-1"},"canonical":"https:\/\/parqueriomartin.com\/fr\/la-premiere-conference-sur-larchitecture-et-le-paysage-a-linitiative-du-programme-europeen-becultour-de-la-diputacion-foral-de-teruel-et-du-parc-culturel-de-la-riviere-martin-sest-achevee\/","og_locale":"fr_FR","og_type":"article","og_title":"La premi\u00e8re conf\u00e9rence sur l'architecture et le paysage \u00e0 l'initiative du programme europ\u00e9en Becultour de la Diputaci\u00f3n Foral de Teruel et du Parc culturel de la rivi\u00e8re Mart\u00edn s'est achev\u00e9e. - Parque Cultural del R\u00edo Mart\u00edn","og_description":"Deux week-ends intenses, avec des conf\u00e9rences, des parcours d&rsquo;interpr\u00e9tation et des travaux pratiques auxquels ont particip\u00e9 une cinquantaine de personnes, dont les inscrits aux conf\u00e9rences et les volontaires locaux, qui ont concentr\u00e9 leurs efforts sur la r\u00e9cup\u00e9ration de la petite chauss\u00e9e ou mur de sout\u00e8nement du terrain et de la s\u00e9paration ou \u00ab\u00a0fronti\u00e8re\u00a0\u00bb des aires [&hellip;]","og_url":"https:\/\/parqueriomartin.com\/fr\/la-premiere-conference-sur-larchitecture-et-le-paysage-a-linitiative-du-programme-europeen-becultour-de-la-diputacion-foral-de-teruel-et-du-parc-culturel-de-la-riviere-martin-sest-achevee\/","og_site_name":"Parque Cultural del R\u00edo Mart\u00edn","article_published_time":"2023-11-20T16:39:53+00:00","og_image":[{"width":1200,"height":610,"url":"https:\/\/parqueriomartin.com\/wp-content\/uploads\/foto-noticia-i-jornadas-arquitectura-paisaje-parque-cultural-rio-martin.webp","type":"image\/webp"}],"author":"sedinet","twitter_card":"summary_large_image","twitter_misc":{"\u00c9crit par":"sedinet","Dur\u00e9e de lecture estim\u00e9e":"1 minute"},"schema":{"@context":"https:\/\/schema.org","@graph":[{"@type":"WebPage","@id":"https:\/\/parqueriomartin.com\/fr\/la-premiere-conference-sur-larchitecture-et-le-paysage-a-linitiative-du-programme-europeen-becultour-de-la-diputacion-foral-de-teruel-et-du-parc-culturel-de-la-riviere-martin-sest-achevee\/","url":"https:\/\/parqueriomartin.com\/fr\/la-premiere-conference-sur-larchitecture-et-le-paysage-a-linitiative-du-programme-europeen-becultour-de-la-diputacion-foral-de-teruel-et-du-parc-culturel-de-la-riviere-martin-sest-achevee\/","name":"La premi\u00e8re conf\u00e9rence sur l'architecture et le paysage \u00e0 l'initiative du programme europ\u00e9en Becultour de la Diputaci\u00f3n Foral de Teruel et du Parc culturel de la rivi\u00e8re Mart\u00edn s'est achev\u00e9e. - Parque Cultural del R\u00edo Mart\u00edn","isPartOf":{"@id":"https:\/\/parqueriomartin.com\/fr\/#website"},"primaryImageOfPage":{"@id":"https:\/\/parqueriomartin.com\/fr\/la-premiere-conference-sur-larchitecture-et-le-paysage-a-linitiative-du-programme-europeen-becultour-de-la-diputacion-foral-de-teruel-et-du-parc-culturel-de-la-riviere-martin-sest-achevee\/#primaryimage"},"image":{"@id":"https:\/\/parqueriomartin.com\/fr\/la-premiere-conference-sur-larchitecture-et-le-paysage-a-linitiative-du-programme-europeen-becultour-de-la-diputacion-foral-de-teruel-et-du-parc-culturel-de-la-riviere-martin-sest-achevee\/#primaryimage"},"thumbnailUrl":"https:\/\/parqueriomartin.com\/wp-content\/uploads\/foto-noticia-i-jornadas-arquitectura-paisaje-parque-cultural-rio-martin.webp","datePublished":"2023-11-20T16:39:53+00:00","dateModified":"2023-11-20T16:39:53+00:00","author":{"@id":"https:\/\/parqueriomartin.com\/fr\/#\/schema\/person\/17a5181f0a3b723d86bb41efa9bfc8f2"},"breadcrumb":{"@id":"https:\/\/parqueriomartin.com\/fr\/la-premiere-conference-sur-larchitecture-et-le-paysage-a-linitiative-du-programme-europeen-becultour-de-la-diputacion-foral-de-teruel-et-du-parc-culturel-de-la-riviere-martin-sest-achevee\/#breadcrumb"},"inLanguage":"fr-FR","potentialAction":[{"@type":"ReadAction","target":["https:\/\/parqueriomartin.com\/fr\/la-premiere-conference-sur-larchitecture-et-le-paysage-a-linitiative-du-programme-europeen-becultour-de-la-diputacion-foral-de-teruel-et-du-parc-culturel-de-la-riviere-martin-sest-achevee\/"]}]},{"@type":"ImageObject","inLanguage":"fr-FR","@id":"https:\/\/parqueriomartin.com\/fr\/la-premiere-conference-sur-larchitecture-et-le-paysage-a-linitiative-du-programme-europeen-becultour-de-la-diputacion-foral-de-teruel-et-du-parc-culturel-de-la-riviere-martin-sest-achevee\/#primaryimage","url":"https:\/\/parqueriomartin.com\/wp-content\/uploads\/foto-noticia-i-jornadas-arquitectura-paisaje-parque-cultural-rio-martin.webp","contentUrl":"https:\/\/parqueriomartin.com\/wp-content\/uploads\/foto-noticia-i-jornadas-arquitectura-paisaje-parque-cultural-rio-martin.webp","width":1200,"height":610},{"@type":"BreadcrumbList","@id":"https:\/\/parqueriomartin.com\/fr\/la-premiere-conference-sur-larchitecture-et-le-paysage-a-linitiative-du-programme-europeen-becultour-de-la-diputacion-foral-de-teruel-et-du-parc-culturel-de-la-riviere-martin-sest-achevee\/#breadcrumb","itemListElement":[{"@type":"ListItem","position":1,"name":"Portada","item":"https:\/\/parqueriomartin.com\/fr\/"},{"@type":"ListItem","position":2,"name":"La premi\u00e8re conf\u00e9rence sur l&rsquo;architecture et le paysage \u00e0 l&rsquo;initiative du programme europ\u00e9en Becultour de la Diputaci\u00f3n Foral de Teruel et du Parc culturel de la rivi\u00e8re Mart\u00edn s&rsquo;est achev\u00e9e."}]},{"@type":"WebSite","@id":"https:\/\/parqueriomartin.com\/fr\/#website","url":"https:\/\/parqueriomartin.com\/fr\/","name":"Parque Cultural del R\u00edo Mart\u00edn","description":"Conoce los pueblos, las rutas, los centros de interpretaci\u00f3n, las gentes... del Parque Cultural del R\u00edo Mart\u00edn","potentialAction":[{"@type":"SearchAction","target":{"@type":"EntryPoint","urlTemplate":"https:\/\/parqueriomartin.com\/fr\/?s={search_term_string}"},"query-input":"required name=search_term_string"}],"inLanguage":"fr-FR"},{"@type":"Person","@id":"https:\/\/parqueriomartin.com\/fr\/#\/schema\/person\/17a5181f0a3b723d86bb41efa9bfc8f2","name":"sedinet","image":{"@type":"ImageObject","inLanguage":"fr-FR","@id":"https:\/\/parqueriomartin.com\/fr\/#\/schema\/person\/image\/","url":"https:\/\/secure.gravatar.com\/avatar\/ad522901455cb1834b7fb0cf8bbe4a42?s=96&d=mm&r=g","contentUrl":"https:\/\/secure.gravatar.com\/avatar\/ad522901455cb1834b7fb0cf8bbe4a42?s=96&d=mm&r=g","caption":"sedinet"},"sameAs":["https:\/\/parqueriomartin.com"],"url":"https:\/\/parqueriomartin.com\/fr\/author\/sedinet\/"}]}},"_links":{"self":[{"href":"https:\/\/parqueriomartin.com\/fr\/wp-json\/wp\/v2\/posts\/108399"}],"collection":[{"href":"https:\/\/parqueriomartin.com\/fr\/wp-json\/wp\/v2\/posts"}],"about":[{"href":"https:\/\/parqueriomartin.com\/fr\/wp-json\/wp\/v2\/types\/post"}],"author":[{"embeddable":true,"href":"https:\/\/parqueriomartin.com\/fr\/wp-json\/wp\/v2\/users\/1"}],"replies":[{"embeddable":true,"href":"https:\/\/parqueriomartin.com\/fr\/wp-json\/wp\/v2\/comments?post=108399"}],"version-history":[{"count":0,"href":"https:\/\/parqueriomartin.com\/fr\/wp-json\/wp\/v2\/posts\/108399\/revisions"}],"wp:featuredmedia":[{"embeddable":true,"href":"https:\/\/parqueriomartin.com\/fr\/wp-json\/wp\/v2\/media\/108395"}],"wp:attachment":[{"href":"https:\/\/parqueriomartin.com\/fr\/wp-json\/wp\/v2\/media?parent=108399"}],"wp:term":[{"taxonomy":"category","embeddable":true,"href":"https:\/\/parqueriomartin.com\/fr\/wp-json\/wp\/v2\/categories?post=108399"},{"taxonomy":"post_tag","embeddable":true,"href":"https:\/\/parqueriomartin.com\/fr\/wp-json\/wp\/v2\/tags?post=108399"},{"taxonomy":"categorias_tipos","embeddable":true,"href":"https:\/\/parqueriomartin.com\/fr\/wp-json\/wp\/v2\/categorias_tipos?post=108399"}],"curies":[{"name":"wp","href":"https:\/\/api.w.org\/{rel}","templated":true}]}}